{"id":62411,"date":"2025-04-29T18:11:08","date_gmt":"2025-04-29T18:11:08","guid":{"rendered":"https:\/\/www.europesays.com\/fr\/62411\/"},"modified":"2025-04-29T18:11:08","modified_gmt":"2025-04-29T18:11:08","slug":"pourquoi-de-la-musique-jazz-sera-diffusee-dans-le-metro-de-toulouse-mercredi","status":"publish","type":"post","link":"https:\/\/www.europesays.com\/fr\/62411\/","title":{"rendered":"Pourquoi de la musique jazz sera diffus\u00e9e dans le m\u00e9tro de Toulouse, mercredi?"},"content":{"rendered":"<p>            Par<br \/>\n        <strong><br \/>\n            <a href=\"https:\/\/actu.fr\/auteur\/ancelin-emeryhenriot\" title=\"Consulter tous les articles de Ancelin Emery-Henriot\" target=\"_blank\" rel=\"noopener\">Ancelin Emery-Henriot<\/a><br \/>\n        <\/strong><\/p>\n<p>        Publi\u00e9 le<\/p>\n<p>            29 avr. 2025 \u00e0 20h06        <\/p>\n<p><strong><a href=\"https:\/\/actu.fr\/toulouse\/\" target=\"_blank\" rel=\"noopener\">Toulouse<\/a> <\/strong>au soutien <strong>d\u2019une action internationale<\/strong>. Une trentaine de <strong>morceaux de jazz <\/strong>seront diffus\u00e9s ce mercredi 30 avril 2025 dans les <a href=\"https:\/\/actu.fr\/tag\/metro-de-toulouse\" target=\"_blank\" rel=\"noopener\">stations de m\u00e9tro<\/a> de la ville. Par cette action, l\u2019office du tourisme de la Ville rose prendra part \u00e0 la <strong>journ\u00e9e internationale<\/strong> d\u00e9di\u00e9e \u00e0 ce style de musique. Un projet <strong>port\u00e9 par l\u2019Unesco<\/strong>.<\/p>\n<p>Unifier les peuples<\/p>\n<p class=\" wall-content\">Cette journ\u00e9e a pour but de <strong>mettre en lumi\u00e8re<\/strong> ce mouvement musical ainsi que \u201cson <strong>r\u00f4le diplomatique<\/strong> d\u2019unification des peuples aux quatre coins du monde\u201d, annonce <strong>Toulouse Tourisme<\/strong>.\u00a0<\/p>\n<p class=\" wall-content\">Des pr\u00e9cisions sont apport\u00e9es sur le site de l\u2019Unesco. Le pianiste et producteur <strong>Herbie Hancock<\/strong>, qui codirige l\u2019\u00e9v\u00e9nement, explique : \u201cLe jazz a toujours eu pour vocation de rassembler les gens, de <strong>briser les barri\u00e8res et d\u2019inspirer la cr\u00e9ativit\u00e9<\/strong> \u00e0 travers les cultures. La Journ\u00e9e internationale du jazz nous rappelle que la musique a le pouvoir de transcender les fronti\u00e8res, de favoriser le dialogue et de <strong>susciter la joie et l\u2019espoir<\/strong>.\u201d<\/p>\n<p>Une grande premi\u00e8re<\/p>\n<p class=\" wall-content\">Un hommage qui est c\u00e9l\u00e9br\u00e9 <strong>chaque ann\u00e9e depuis 2011 par 190 pays<\/strong>. Toulouse y prendra part pour la <strong>premi\u00e8re fois<\/strong> en 2025. Et pour l\u2019occasion, la ville a d\u00e9cid\u00e9 de mettre en avant la<strong> musique locale<\/strong>, elle qui a acquis le statut de ville de musique en octobre 2023 (d\u00e9cern\u00e9 par l\u2019Unesco).\u00a0<\/p>\n<p>Vid\u00e9os : en ce moment sur Actu<\/p>\n<p class=\" wall-content\">L\u2019office du tourisme a concoct\u00e9 une playlist de <strong>30 morceaux<\/strong> qui passeront toute la journ\u00e9e dans le m\u00e9tro. \u201cElle rend compte de la vitalit\u00e9, de l<strong>\u2019originalit\u00e9 et de la diversit\u00e9 des talents<\/strong> qui forment la sc\u00e8ne locale\u201d, explique-t-il. Tout en pr\u00e9cisant qu\u2019elle avait \u00e9t\u00e9 \u00e9labor\u00e9e les labels, maisons d\u2019artistes et producteurs toulousains, ainsi que le concours <strong>Le Taquin Jazz Club<\/strong>.<\/p>\n<p class=\" wall-content\">Suivez toute l\u2019actualit\u00e9 de vos villes et m\u00e9dias favoris en vous inscrivant \u00e0 <a href=\"https:\/\/moncompte.actu.fr\" title=\"D\u00e9couvez Mon Actu\" rel=\"nofollow noopener\" data-trk=\"{&quot;cta&quot;:{&quot;action&quot;:&quot;https:\\\/\\\/moncompte.actu.fr&quot;,&quot;category&quot;:&quot;mon compte&quot;,&quot;from&quot;:&quot;article footer&quot;,&quot;name&quot;:&quot;Mon actu&quot;,&quot;type&quot;:&quot;cta&quot;}}\" target=\"_blank\">Mon Actu<\/a>.<\/p>\n","protected":false},"excerpt":{"rendered":"Par Ancelin Emery-Henriot Publi\u00e9 le 29 avr. 2025 \u00e0 20h06 Toulouse au soutien d\u2019une action internationale. Une trentaine&hellip;\n","protected":false},"author":2,"featured_media":62412,"comment_status":"","ping_status":"","sticky":false,"template":"","format":"standard","meta":{"footnotes":""},"categories":[2816],"tags":[1111,11,1777,674,1011,27,1652,10596,12,2680,5182,25,5400,2312],"class_list":{"0":"post-62411","1":"post","2":"type-post","3":"status-publish","4":"format-standard","5":"has-post-thumbnail","7":"category-toulouse","8":"tag-actu","9":"tag-actualites","10":"tag-eu","11":"tag-europe","12":"tag-fr","13":"tag-france","14":"tag-loisirs-culture","15":"tag-metro-de-toulouse","16":"tag-news","17":"tag-occitanie","18":"tag-patrimoine-unesco","19":"tag-republique-francaise","20":"tag-tisseo","21":"tag-toulouse"},"share_on_mastodon":{"url":"https:\/\/pubeurope.com\/@fr\/114422604428176506","error":""},"_links":{"self":[{"href":"https:\/\/www.europesays.com\/fr\/wp-json\/wp\/v2\/posts\/62411","targetHints":{"allow":["GET"]}}],"collection":[{"href":"https:\/\/www.europesays.com\/fr\/wp-json\/wp\/v2\/posts"}],"about":[{"href":"https:\/\/www.europesays.com\/fr\/wp-json\/wp\/v2\/types\/post"}],"author":[{"embeddable":true,"href":"https:\/\/www.europesays.com\/fr\/wp-json\/wp\/v2\/users\/2"}],"replies":[{"embeddable":true,"href":"https:\/\/www.europesays.com\/fr\/wp-json\/wp\/v2\/comments?post=62411"}],"version-history":[{"count":0,"href":"https:\/\/www.europesays.com\/fr\/wp-json\/wp\/v2\/posts\/62411\/revisions"}],"wp:featuredmedia":[{"embeddable":true,"href":"https:\/\/www.europesays.com\/fr\/wp-json\/wp\/v2\/media\/62412"}],"wp:attachment":[{"href":"https:\/\/www.europesays.com\/fr\/wp-json\/wp\/v2\/media?parent=62411"}],"wp:term":[{"taxonomy":"category","embeddable":true,"href":"https:\/\/www.europesays.com\/fr\/wp-json\/wp\/v2\/categories?post=62411"},{"taxonomy":"post_tag","embeddable":true,"href":"https:\/\/www.europesays.com\/fr\/wp-json\/wp\/v2\/tags?post=62411"}],"curies":[{"name":"wp","href":"https:\/\/api.w.org\/{rel}","templated":true}]}}