{"id":624114,"date":"2025-12-26T22:28:12","date_gmt":"2025-12-26T22:28:12","guid":{"rendered":"https:\/\/www.europesays.com\/fr\/624114\/"},"modified":"2025-12-26T22:28:12","modified_gmt":"2025-12-26T22:28:12","slug":"les-u18-de-lasca-basket-en-32e-de-finale-coupe-de-france-le-4-janvier-face-a-rouen","status":"publish","type":"post","link":"https:\/\/www.europesays.com\/fr\/624114\/","title":{"rendered":"Les U18\u00a0de l\u2019Asca Basket en 32e de finale coupe de France le 4\u00a0janvier face \u00e0 Rouen"},"content":{"rendered":"<p>\u00c0 <a href=\"https:\/\/www.ouest-france.fr\/pays-de-la-loire\/la-chapelle-saint-aubin-72650\/\" target=\"_blank\" rel=\"noopener\">La Chapelle-Saint-Aubin<\/a>, c\u2019est une premi\u00e8re dans<a href=\"https:\/\/lemans.maville.com\/actu\/actudet_-la-chapelle-saint-aubin.-les-26-equipes-du-club-de-basket-a-l-honneur-_14-7062698_actu.Htm?\" target=\"_blank\" rel=\"noopener\"> l\u2019histoire du club de l\u2019Asca basket<\/a>, les U18\u00a0masculin en 32es de finales de Coupe de France.<\/p>\n<p>Un kop sera pr\u00e9sent dimanche 4\u00a0janvier<\/p>\n<p>Apr\u00e8s avoir \u00e9limin\u00e9 l\u2019\u00e9quipe U 18\u00a0France de l\u2019\u00c9toile Angers, les jeunes de l\u2019Asca basket accueillent les U 18\u00a0de Rouen qui \u00e9voluent championnat de\u00a0France, centre de formation du Rouen Basket qui joue en Pro B.<\/p>\n<p>Le match aura lieu dimanche 4\u00a0janvier \u00e0 15\u00a0h\u00a030 au gymnase Raoul-Rousseli\u00e8re de La Chapelle-Saint-Aubin.<\/p>\n<p>\u00ab\u00a0Go Asca Go\u00a0\u00bb<\/p>\n<p>C\u2019est un \u00e9v\u00e9nement sportif majeur pour le club qui promet une ambiance exceptionnelle. \u00a0Pour l\u2019occasion, un kop sera pr\u00e9sent afin de pousser les joueurs de l\u2019Asca basket. On attend un public nombreux pour les soutenir.\u00a0  <\/p>\n<p>Afin de faire de cet apr\u00e8s-midi une v\u00e9ritable f\u00eate du basket, une buvette et un espace de restauration seront organis\u00e9s sur place tout au long de l\u2019\u00e9v\u00e9nement.<\/p>\n<p>\u00a0Venez nombreux pour soutenir les gars\u00a0et \u00e9crire l\u2019histoire avec l\u2019Asca basket.\u00a0Go Asca Go.\u00a0<\/p>\n<p>Entr\u00e9e gratuite et ouverte \u00e0 tous.<\/p>\n<p>\u00a0<\/p>\n","protected":false},"excerpt":{"rendered":"\u00c0 La Chapelle-Saint-Aubin, c\u2019est une premi\u00e8re dans l\u2019histoire du club de l\u2019Asca basket, les U18\u00a0masculin en 32es de&hellip;\n","protected":false},"author":2,"featured_media":624115,"comment_status":"","ping_status":"","sticky":false,"template":"","format":"standard","meta":{"footnotes":""},"categories":[9587],"tags":[73350,15540,1111,11,73349,1465,615,1777,674,2823,2396,1011,27,25104,2047,12,5161,25,9590,73348],"class_list":{"0":"post-624114","1":"post","2":"type-post","3":"status-publish","4":"format-standard","5":"has-post-thumbnail","7":"category-rouen","8":"tag-32e","9":"tag-15540","10":"tag-actu","11":"tag-actualites","12":"tag-asca","13":"tag-basket","14":"tag-coupe","15":"tag-eu","16":"tag-europe","17":"tag-face","18":"tag-finale","19":"tag-fr","20":"tag-france","21":"tag-janvier","22":"tag-mans","23":"tag-news","24":"tag-normandie","25":"tag-republique-francaise","26":"tag-rouen","27":"tag-u18"},"share_on_mastodon":{"url":"","error":""},"_links":{"self":[{"href":"https:\/\/www.europesays.com\/fr\/wp-json\/wp\/v2\/posts\/624114","targetHints":{"allow":["GET"]}}],"collection":[{"href":"https:\/\/www.europesays.com\/fr\/wp-json\/wp\/v2\/posts"}],"about":[{"href":"https:\/\/www.europesays.com\/fr\/wp-json\/wp\/v2\/types\/post"}],"author":[{"embeddable":true,"href":"https:\/\/www.europesays.com\/fr\/wp-json\/wp\/v2\/users\/2"}],"replies":[{"embeddable":true,"href":"https:\/\/www.europesays.com\/fr\/wp-json\/wp\/v2\/comments?post=624114"}],"version-history":[{"count":0,"href":"https:\/\/www.europesays.com\/fr\/wp-json\/wp\/v2\/posts\/624114\/revisions"}],"wp:featuredmedia":[{"embeddable":true,"href":"https:\/\/www.europesays.com\/fr\/wp-json\/wp\/v2\/media\/624115"}],"wp:attachment":[{"href":"https:\/\/www.europesays.com\/fr\/wp-json\/wp\/v2\/media?parent=624114"}],"wp:term":[{"taxonomy":"category","embeddable":true,"href":"https:\/\/www.europesays.com\/fr\/wp-json\/wp\/v2\/categories?post=624114"},{"taxonomy":"post_tag","embeddable":true,"href":"https:\/\/www.europesays.com\/fr\/wp-json\/wp\/v2\/tags?post=624114"}],"curies":[{"name":"wp","href":"https:\/\/api.w.org\/{rel}","templated":true}]}}