{"id":624116,"date":"2025-12-26T22:32:22","date_gmt":"2025-12-26T22:32:22","guid":{"rendered":"https:\/\/www.europesays.com\/fr\/624116\/"},"modified":"2025-12-26T22:32:22","modified_gmt":"2025-12-26T22:32:22","slug":"pro-d2-fcg-mathis-baret-thomas-ployet-hugo-trouilloud-qui-sont-les-heureux-elus-pour-le-titre-de-meilleur-joueur-de-la-phase-aller","status":"publish","type":"post","link":"https:\/\/www.europesays.com\/fr\/624116\/","title":{"rendered":"Pro D2. FCG\u00a0: Mathis Baret, Thomas Ployet, Hugo Trouilloud&#8230; Qui\u00a0sont les heureux \u00e9lus pour le \u00a0\u00bbtitre\u00a0\u00bb de meilleur joueur de la phase aller\u00a0?"},"content":{"rendered":"<p>  Mathis Baret (3e ligne centre, 20 ans)<\/p>\n<p>Il a point\u00e9 le bout de son nez dans le monde de la Pro D2 en 2025 et, <a href=\"https:\/\/www.ledauphine.com\/sport\/2025\/11\/29\/c-est-top-d-avoir-un-joueur-comme-lui-mathis-baret-de-la-revelation-a-la-confirmation-avec-le-fcg\" target=\"_blank\" title=\"rugby Pro D2 FCG Mathis Baret\" rel=\"noopener\">en \u00e0 peine une ann\u00e9e, il s\u2019est fondu dans le d\u00e9cor<\/a>. Intelligent, perforant ballon en main, utile en touche et d\u00e9sormais efficace (deux essais), le n\u00b08 is\u00e9rois est LA r\u00e9v\u00e9lation grenobloise de cette phase aller.<\/p>\n<p>  Antonin Berruyer (3e ligne aile, 27 ans)<\/p>\n<p>Il est le doyen de l\u2019effectif grenoblois (depuis 2017) et, en huit ann\u00e9es de carri\u00e8re professionnelle, il a tout connu ou presque, chez les Rouge et Bleu. D\u00e9fenseur irr\u00e9prochable et capitaine courage quand le bateau tangue, \u201cBerru\u201d est un homme pr\u00e9cieux \u00e0 Lesdigui\u00e8res et un rugbyman tr\u00e8s valeureux.<\/p>\n<p>  Thomas Ployet (2e ligne, 24 ans)<\/p>\n<p><a href=\"https:\/\/www.ledauphine.com\/sport\/2025\/12\/24\/ca-a-ete-tres-difficile-la-premiere-semaine-thomas-ployet-raconte-sa-saison-en-marge-du-fcg\" target=\"_blank\" title=\"rugby Pro D2 FCG chronique Ployet bless\u00e9\" rel=\"noopener\">Avant sa blessure \u00e0 l\u2019\u00e9paule (mi-novembre)<\/a> , il \u00e9tait sans doute le meilleur Grenoblois de cette 1re partie de saison 2025-2026. A\u00e9rien, rampe de lancement prioritaire en touche, de plus en plus efficace (deux essais et une passe d\u00e9cisive), il est aussi le leader de notre classement des \u00e9toiles.<\/p>\n<p>  Cody Thomas (pilier droit ou gauche, 31 ans)<\/p>\n<p>Pas le plus flamboyant, ni le plus volubile\u00a0; mais sans doute un des plus efficaces \u00e0 son poste. Pilier droit du FCG depuis deux saisons et demie, il a d\u00e9pann\u00e9 plusieurs fois au poste de pilier gauche (avant la tr\u00eave internationale de novembre). <a href=\"https:\/\/www.ledauphine.com\/sport\/2025\/09\/26\/fcg-on-a-une-chance-monumentale-d-avoir-un-joueur-de-sa-qualite-thomas-le-polyvalent-si-precieux\" target=\"_blank\" title=\"rugby Pro D2 FCG Cody Thomas\" rel=\"noopener\">Le Sud-Africain est un joueur de devoir<\/a>. Pr\u00e9cieux.<\/p>\n<p>  Hugo Trouilloud (ailier ou arri\u00e8re, 22 ans)<\/p>\n<p>On ne peut pas le qualifier de r\u00e9v\u00e9lation, car il dispute sa quatri\u00e8me saison grenobloise. Mais <a title=\"rugby Pro D2 FCG H. Trouilloud\" href=\"https:\/\/www.ledauphine.com\/sport\/2025\/10\/30\/marqueur-d-essai-polyvalent-et-cinquantenaire-comment-hugo-trouilloud-s-est-impose-au-fcg\" target=\"_blank\" rel=\"noopener\">cette ann\u00e9e, il a franchi un cap<\/a> \u00a0: toujours pr\u00e9sent (seul joueur grenoblois \u00e0 plus de 1000 minutes jou\u00e9es sur la phase aller), de plus en plus mena\u00e7ant offensivement gr\u00e2ce \u00e0 sa vitesse, efficace (cinq essais et une passe d\u00e9cisive) et n\u00b01 \u00e0 notre classement des \u00e9toiles du FCG.<\/p>\n","protected":false},"excerpt":{"rendered":"Mathis Baret (3e ligne centre, 20 ans) Il a point\u00e9 le bout de son nez dans le monde&hellip;\n","protected":false},"author":2,"featured_media":624117,"comment_status":"","ping_status":"","sticky":false,"template":"","format":"standard","meta":{"footnotes":""},"categories":[9566],"tags":[1111,11,2430,112,1777,674,2727,1701,1011,27,2731,2732,108,12,2308,25,479,517],"class_list":{"0":"post-624116","1":"post","2":"type-post","3":"status-publish","4":"format-standard","5":"has-post-thumbnail","7":"category-grenoble","8":"tag-actu","9":"tag-actualites","10":"tag-auvergne-rhone-alpes","11":"tag-edition-grenoble-agglomeration","12":"tag-eu","13":"tag-europe","14":"tag-fcg-fc-grenoble-rugby","15":"tag-fil-info-sport","16":"tag-fr","17":"tag-france","18":"tag-grenoble","19":"tag-grenoble-bassin","20":"tag-isere","21":"tag-news","22":"tag-pro-d2","23":"tag-republique-francaise","24":"tag-rugby","25":"tag-sport"},"share_on_mastodon":{"url":"https:\/\/pubeurope.com\/@fr\/115788247859321571","error":""},"_links":{"self":[{"href":"https:\/\/www.europesays.com\/fr\/wp-json\/wp\/v2\/posts\/624116","targetHints":{"allow":["GET"]}}],"collection":[{"href":"https:\/\/www.europesays.com\/fr\/wp-json\/wp\/v2\/posts"}],"about":[{"href":"https:\/\/www.europesays.com\/fr\/wp-json\/wp\/v2\/types\/post"}],"author":[{"embeddable":true,"href":"https:\/\/www.europesays.com\/fr\/wp-json\/wp\/v2\/users\/2"}],"replies":[{"embeddable":true,"href":"https:\/\/www.europesays.com\/fr\/wp-json\/wp\/v2\/comments?post=624116"}],"version-history":[{"count":0,"href":"https:\/\/www.europesays.com\/fr\/wp-json\/wp\/v2\/posts\/624116\/revisions"}],"wp:featuredmedia":[{"embeddable":true,"href":"https:\/\/www.europesays.com\/fr\/wp-json\/wp\/v2\/media\/624117"}],"wp:attachment":[{"href":"https:\/\/www.europesays.com\/fr\/wp-json\/wp\/v2\/media?parent=624116"}],"wp:term":[{"taxonomy":"category","embeddable":true,"href":"https:\/\/www.europesays.com\/fr\/wp-json\/wp\/v2\/categories?post=624116"},{"taxonomy":"post_tag","embeddable":true,"href":"https:\/\/www.europesays.com\/fr\/wp-json\/wp\/v2\/tags?post=624116"}],"curies":[{"name":"wp","href":"https:\/\/api.w.org\/{rel}","templated":true}]}}