{"id":624118,"date":"2025-12-26T22:33:41","date_gmt":"2025-12-26T22:33:41","guid":{"rendered":"https:\/\/www.europesays.com\/fr\/624118\/"},"modified":"2025-12-26T22:33:41","modified_gmt":"2025-12-26T22:33:41","slug":"saint-jean-23-infos-28-decembre-2025","status":"publish","type":"post","link":"https:\/\/www.europesays.com\/fr\/624118\/","title":{"rendered":"Saint Jean 23 infos 28 d\u00e9cembre 2025"},"content":{"rendered":"<blockquote><p>\nPrends l\u2019enfant et sa m\u00e8re, et fuis en \u00c9gypte\n<\/p><\/blockquote>\n<p><img decoding=\"async\" class=\"sFlh5c FyHeAf iPVvYb aligncenter\" src=\"https:\/\/www.europesays.com\/fr\/wp-content\/uploads\/2025\/12\/1513689279-videothumb.png\" alt=\"La fuite en Egypte - Mt 2, 12-23 - cat\u00e9ch\u00e8se enfants - Th\u00e9obule\"\/><br \/>\n(Matthieu 2, 13-15.19-23)<\/p>\n<p>\u2192 Vie de la paroisse<\/p>\n<p><strong><img loading=\"lazy\" decoding=\"async\" class=\"aligncenter size-rect-260-146 wp-image-449395\" src=\"https:\/\/www.europesays.com\/fr\/wp-content\/uploads\/2025\/12\/concert-saint-martin-2025-12-14-260x146.jpg\" alt=\"\" width=\"260\" height=\"146\"  \/><\/strong><\/p>\n<ul>\n<li><strong>Le jeudi :\u00a0<\/strong>il n\u2019y a<strong>\u00a0pas de messe<\/strong> (18h45) <strong>\u00e0 la chapelle de la Maison dioc\u00e9saine<\/strong> avec les s\u00e9minaristes <strong>pendant la p\u00e9riode de l\u2019Avent et les vacances de No\u00ebl<\/strong>.<\/li>\n<li><strong>Dimanche 4 janvier\u00a0<\/strong>12h Salles paroissiales Saint-Paul<strong>\u00a0: D\u00e9jeuner de l\u2019amiti\u00e9.<\/strong>\u00a0<a href=\"https:\/\/www.lazare.eu\/maisons\/maison-de-rennes\/\" target=\"_blank\" rel=\"noopener\"><strong>L\u2019association Lazare<\/strong><\/a>\u00a0et\u00a0la paroisse Saint Jean XXIII vous invitent \u00e0 partager un moment fraternel avec nos amis de la rue. Vous \u00eates tous les bienvenus autour d\u2019un buffet partag\u00e9, <strong>avec ce que vous apporterez<\/strong> ! ou <strong>participer\u00a0<\/strong>en proposant des plats sal\u00e9s et sucr\u00e9s \u00e0 d\u00e9poser directement \u00e0 la salle paroissiale ce jour l\u00e0. <strong>L\u2019\u00e9quipe d\u2019organisation a besoin de renfort notamment pour la logistique (installation, service, vaisselle, rangement), merci.<\/strong> Contact : permanences de l\u2019accueil de la paroisse : tel 02.99.59.01.04.<\/li>\n<\/ul>\n<p><img loading=\"lazy\" decoding=\"async\" class=\"sFlh5c FyHeAf iPVvYb aligncenter\" src=\"https:\/\/www.europesays.com\/fr\/wp-content\/uploads\/2025\/12\/lazare-pape-.jpg\" alt=\"Plus de 200 membres de l'association Lazare vont rencontrer le pape \u2013 Portail catholique suisse\" width=\"282\" height=\"121\"\/><\/p>\n<p>Horaires des offices de No\u00ebl<\/p>\n<ul style=\"list-style-type: square\">\n<li><strong>Samedi 27 d\u00e9cembre<\/strong> 18h Saint-Martin : <strong>Messe anticip\u00e9e de la Sainte Famille<\/strong>.<\/li>\n<li><strong>Dimanche 28 d\u00e9cembre<\/strong> 10h30 Saint-Paul : <strong>Messe de la Sainte Famille<\/strong>.<\/li>\n<li><strong>Mercredi 31 d\u00e9cembre<\/strong> 23h Saint-Martin : <strong>Messe anticip\u00e9e de la solennit\u00e9 de Sainte Marie, M\u00e8re de Dieu<\/strong>. Nuit d\u2019Adoration d\u00e8s 22h.<\/li>\n<li><strong>Jeudi 1er janvier<\/strong> 2025, 10h30 Saint-Paul (Jour de l\u2019An) : <strong>Messe de la solennit\u00e9 de Sainte Marie, M\u00e8re de Dieu<\/strong>.<\/li>\n<\/ul>\n<p><img loading=\"lazy\" decoding=\"async\" class=\"attachment-hive-single-image wp-post-image aligncenter\" src=\"https:\/\/www.europesays.com\/fr\/wp-content\/uploads\/2025\/12\/1766788402_28_giphy-2.gif\" alt=\"\" width=\"234\" height=\"234\" data-attachment-id=\"74041\" data-permalink=\"https:\/\/blog.landot-avocats.net\/2020\/06\/29\/le-petit-jesus-peut-il-crecher-en-mairie-nativite-saison-6-episode-14\/giphy-107\/\" data-orig-file=\"https:\/\/www.europesays.com\/fr\/wp-content\/uploads\/2025\/12\/1766788402_28_giphy-2.gif\" data-orig-size=\"480,480\" data-comments-opened=\"0\" data-image-meta=\"{&quot;aperture&quot;:&quot;0&quot;,&quot;credit&quot;:&quot;&quot;,&quot;camera&quot;:&quot;&quot;,&quot;caption&quot;:&quot;&quot;,&quot;created_timestamp&quot;:&quot;0&quot;,&quot;copyright&quot;:&quot;&quot;,&quot;focal_length&quot;:&quot;0&quot;,&quot;iso&quot;:&quot;0&quot;,&quot;shutter_speed&quot;:&quot;0&quot;,&quot;title&quot;:&quot;&quot;,&quot;orientation&quot;:&quot;0&quot;}\" data-image-title=\"giphy\" data-image-description=\"&lt;p&gt;cr\u00e8che No\u00ebl&lt;\/p&gt; \" data-image-caption=\"\" data-medium-file=\"https:\/\/i0.wp.com\/blog.landot-avocats.net\/wp-content\/uploads\/2020\/06\/giphy-2.gif?fit=300%2C300&amp;ssl=1\" data-large-file=\"https:\/\/www.europesays.com\/fr\/wp-content\/uploads\/2025\/12\/1766788402_28_giphy-2.gif\"\/><\/p>\n<p><strong>Soutenez financi\u00e8rement la paroisse Saint Jean XXIII !<\/strong><\/p>\n<p>Chers paroissiens et chers amis,<br \/>nous faisons appel comme chaque ann\u00e9e \u00e0 votre g\u00e9n\u00e9rosit\u00e9 et demandons votre participation financi\u00e8re pour aider \u00e0 \u00e9quilibrer nos comptes paroissiaux. Nous sommes aussi sollicit\u00e9s pour participer d\u00e8s 2026 aux futurs travaux de mises aux normes de s\u00e9curit\u00e9 et d\u2019accessibilit\u00e9 \u00e0 Saint-Paul et \u00e0 Saint-Martin, r\u00e9exig\u00e9s apr\u00e8s le passage de la commission de s\u00e9curit\u00e9 en 2024.<br \/>Pour 2024, les d\u00e9penses s\u2019\u00e9l\u00e8vent \u00e0 96 519 euros. Malgr\u00e9 un effort de gestion r\u00e9el, il y a une pression \u00e0 la hausse de nos charges incompressibles (chauffage, imp\u00f4ts et assurances, entretien des locaux).<br \/>L\u2019appel paroissial avait permis de recevoir environ 10 000 euros chaque ann\u00e9es de 2020 \u00e0 2023, mais seulement 7300 euros en 2024. Le r\u00e9sultat de 2024 apr\u00e8s dotation aux amortissements est encore d\u00e9ficitaire de 8000 euros.<br \/>Plus que jamais votre don qui est d\u00e9ductible des imp\u00f4ts \u00e0 hauteur de 66% et affect\u00e9 directement \u00e0 la paroisse, est n\u00e9cessaire pour permettre \u00e0 chacun de favoriser le dynamisme des services et activit\u00e9s de la paroisse, pour que notre communaut\u00e9 demeure vivante, prenne sa part dans l\u2019annonce de l\u2019\u00c9vangile et que chacun puisse mieux y vivre sa foi.<br \/>Vos ch\u00e8ques sont \u00e0 libeller \u00e0\u00a0: AD Rennes Paroisse St-Jean XXIII et \u00e0 remettre \u00e0 l\u2019\u00e9glise ou aux permanences d\u2019accueil. Vous pouvez \u00e9galement faire un don en ligne \u00e0 partir du lien suivant :\u00a0<a href=\"https:\/\/diocese-rennes.rgoods.com\/appel-paroissial\" target=\"_blank\" rel=\"noopener\"><strong>https:\/\/diocese-rennes.rgoods.com\/appel-paroissial<\/strong><\/a> + \u00ab\u00a0J\u2019indique ma paroisse\u00a0\u00bb dans le menu d\u00e9roulant.<br \/>Soyez assur\u00e9s de notre gratitude et de notre amiti\u00e9.<br \/>Le cur\u00e9, P\u00e8re Gu\u00e9na\u00ebl Figarol, et les membres du CPAE (le Conseil Paroissial pour les Affaires \u00c9conomiques)<\/p>\n<p><strong>Nos pr\u00eatres c\u00e9l\u00e8brent la messe tous les jours, en communion avec nous, et \u00e0 nos intentions<\/strong><\/p>\n<ul>\n<li id=\"isPasted\">Samedi 27 d\u00e9cembre 18h Saint-Martin : Mr Andr\u00e9 Collette+<\/li>\n<\/ul>\n<p><strong>Obs\u00e8ques<\/strong><\/p>\n<ul>\n<li>Mme Nicole M\u00e9heut : lundi 29 d\u00e9cembre (Saint-Paul 10h30)<\/li>\n<li>Mr Maurice Jarril : mardi 30 d\u00e9cembre (Saint-Paul 14h30)<\/li>\n<li>Mme Maryvonne Gu\u00e9n\u00e9e : mercredi 31 d\u00e9cembre (Saint-Paul 10h30)<\/li>\n<\/ul>\n<p><strong>Bapt\u00eames<\/strong><\/p>\n<ul>\n<li>Dimanche 28 d\u00e9cembre 18h Saint-Martin : Ryan Diasuama<\/li>\n<\/ul>\n<p>\u00a0<\/p>\n<p>\u2192 Dans le dioc\u00e8se, et au-del\u00e0\u2026<\/p>\n<p><strong>Dimanche 28 d\u00e9cembre<\/strong>\u00a015h30 Rennes, cath\u00e9drale Saint-Pierre<strong>\u00a0:\u00a0<\/strong><a href=\"https:\/\/rennes.catholique.fr\/actualite\/agenda-diocesain\/448880-cloture-diocesaine-du-jubile\/\" target=\"_blank\" rel=\"noopener noreferrer\"><strong>Cl\u00f4ture dioc\u00e9saine du Jubil\u00e9<\/strong><\/a>. Office de louange, pr\u00e9sid\u00e9 par Mgr Pierre d\u2019Ornellas.<\/p>\n<p><img loading=\"lazy\" decoding=\"async\" class=\"attachment-rect-620-349 wp-post-image aligncenter\" src=\"https:\/\/www.europesays.com\/fr\/wp-content\/uploads\/2025\/12\/vignettes-site-web-logo-jubile-1.png\" alt=\"\" width=\"258\" height=\"145\"\/><\/p>\n<p><strong>Jeudi 1er janvier<\/strong> 11h Sanctuaire Notre-Dame de la Peini\u00e8re : <strong>Messe pour l\u2019ouverture du jubil\u00e9<\/strong>. A l\u2019occasion du centenaire du couronnement de la Vierge Marie.<\/p>\n<p><a href=\"https:\/\/rennes.catholique.fr\/la-peiniere\/\" target=\"_blank\" rel=\"noopener\"><img loading=\"lazy\" decoding=\"async\" class=\"vc_single_image-img attachment-full aligncenter\" title=\"IMG-20251210-WA0000 (1)\" src=\"https:\/\/www.europesays.com\/fr\/wp-content\/uploads\/2025\/12\/img-20251210-wa0000-1.jpg\" alt=\"\" width=\"312\" height=\"441\"\/><\/a><\/p>\n<p><strong>Mardi 13 janvier<\/strong> 9h30-16h Rennes, Maison dioc\u00e9saine :\u00a0<a href=\"https:\/\/rennes.catholique.fr\/actualite\/agenda-diocesain\/442687-formation-biblique-2025-2026-5\/\" target=\"_blank\" rel=\"noopener noreferrer\"><strong>Formation biblique<\/strong><\/a>. Journ\u00e9e anim\u00e9e par Marie-France Oberthur et le P\u00e8re Daniel \u00a0Bou\u00e9. Un texte biblique est propos\u00e9 chaque journ\u00e9e, qui se termine par une Eucharistie. Par le MCR (Mouvement Chr\u00e9tien des Retrait\u00e9s).<\/p>\n<p><img loading=\"lazy\" decoding=\"async\" class=\"sFlh5c FyHeAf iPVvYb aligncenter\" src=\"https:\/\/www.europesays.com\/fr\/wp-content\/uploads\/2025\/12\/170706-bible-620x346.jpg\" alt=\"Formation biblique - rennes.catholique.fr\" width=\"260\" height=\"145\"\/><\/p>\n<p><strong>D<\/strong><strong>u 13 janvier au 10 f\u00e9vrier 2026<\/strong> 20h-22h\u00a0Rennes, Maison dioc\u00e9saine\u00a0:\u00a0<a href=\"https:\/\/rennes.catholique.fr\/actualite\/agenda-diocesain\/447855-retraite-dans-la-vie-en-5-soirees\/\" target=\"_blank\" rel=\"noopener noreferrer\"><strong>\u00ab\u00a0Retraite dans la vie\u00a0\u00bb<\/strong><\/a>. \u00ab\u00a0Cheminer dans la vie quotidienne avec la Parole de Dieu\u00a0\u00bb. Chaque mardi : pri\u00e8re en commun, \u00e9change en petits groupes, enseignement, les textes propos\u00e9s pour la semaine. La retraite formant un tout, il est important d\u2019\u00eatre pr\u00e9sent aux 5 soir\u00e9es. <strong>S\u2019inscrire d\u00e8s maintenant<\/strong>.<\/p>\n<p><img loading=\"lazy\" decoding=\"async\" class=\"vc_single_image-img attachment-full aligncenter\" title=\"Retraite dans la vie\" src=\"https:\/\/www.europesays.com\/fr\/wp-content\/uploads\/2025\/12\/retraite-dans-la-vie.png\" alt=\"\" width=\"261\" height=\"147\"\/><\/p>\n<p><strong>Du jeudi 15 janvier au 9 avril 2026<\/strong> Rennes, 3 rue de Vincennes :\u00a0<a href=\"https:\/\/www.parcoursalpha.fr\/couple\" target=\"_blank\" rel=\"noopener\"><strong>Parcours Alpha<\/strong><\/a>. Alpha est un parcours pour chacun, pour entendre et r\u00e9fl\u00e9chir sur le sens de sa vie, sa foi, sur Dieu. Vous \u00eates invit\u00e9s \u00e0 la soir\u00e9e d\u00e9couverte le <strong>jeudi 15 janvier \u00e0 19h15 \u00e0 la Maison Jean XXIII<\/strong> (3 rue de Vincennes \u2013 Rennes) suivie de 10 rencontres conviviales avec repas, topo et discussions. Des flyers sont disponibles en bas de l\u2019\u00e9glise. Inscriptions au 06.63.79.47.86\u00a0<\/p>\n<p><img loading=\"lazy\" decoding=\"async\" class=\"sFlh5c FyHeAf iPVvYb aligncenter\" src=\"https:\/\/www.europesays.com\/fr\/wp-content\/uploads\/2025\/12\/Alpha-equation-original.png\" alt=\"Parcours alpha - Notre-Dame de Boulogne Billancourt\" width=\"258\" height=\"178\"\/><\/p>\n<p><strong>Samedi 17 janvier 2026 : <a href=\"https:\/\/rennes.catholique.fr\/services\/pelerinages-diocesains\/429089-pontmain\/\" target=\"_blank\" rel=\"noopener\">P\u00e8lerinage dioc\u00e9sain \u00e0 Pontmain<\/a><\/strong><\/p>\n<p><a href=\"https:\/\/rennes.catholique.fr\/services\/pelerinages-diocesains\/429089-pontmain\/\" target=\"_blank\" rel=\"noopener\"><img loading=\"lazy\" decoding=\"async\" class=\"vc_single_image-img attachment-full aligncenter\" title=\"Pontmain 2026\" src=\"https:\/\/www.europesays.com\/fr\/wp-content\/uploads\/2025\/12\/pontmain-2026.png\" alt=\"\" width=\"261\" height=\"147\"\/><\/a><\/p>\n<p><strong>Dimanche 25 janvier<\/strong> Sanctuaire Notre-Dame de la Peini\u00e8re : <strong>\u00c9vangile gestu\u00e9<\/strong>.<\/p>\n<p><strong><a href=\"https:\/\/www.europesays.com\/fr\/wp-content\/uploads\/2025\/12\/evangile-gestue.jpeg\" target=\"_blank\" rel=\"noopener\"><img loading=\"lazy\" decoding=\"async\" class=\"aligncenter wp-image-449674\" src=\"https:\/\/www.europesays.com\/fr\/wp-content\/uploads\/2025\/12\/evangile-gestue.jpeg\" alt=\"\" width=\"290\" height=\"406\"  \/><\/a><\/strong><\/p>\n<p><strong>Samedi 2 et dimanche 3 mai 2026<\/strong> Saint-Didier, Sanctuaire Notre-Dame de la Peini\u00e8re : <a href=\"https:\/\/stellamarisfestival.com\/\" target=\"_blank\" rel=\"noopener\"><strong>Festival chr\u00e9tien du Grand Ouest \u00ab\u00a0Stella Maris\u00a0\u00bb<\/strong><\/a>.<\/p>\n<p><a href=\"https:\/\/stellamarisfestival.com\/\" target=\"_blank\" rel=\"noopener\"><img loading=\"lazy\" decoding=\"async\" class=\"wp-image-445217\" src=\"https:\/\/www.europesays.com\/fr\/wp-content\/uploads\/2025\/10\/2025-08-25-la-peiniere-stella-maris-festival-pub-a6-page-0001-1.jpg\" alt=\"\" width=\"440\" height=\"312\"  \/><\/a>Cliquez sur l\u2019image pour plus d\u2019informations<\/p>\n<p>\u00a0<\/p>\n<p><img loading=\"lazy\" decoding=\"async\" class=\"aligncenter size-full wp-image-333310\" src=\"https:\/\/www.europesays.com\/fr\/wp-content\/uploads\/2025\/04\/Ligne-galets.jpg\" alt=\"galet\" width=\"526\" height=\"35\"  \/><\/p>\n","protected":false},"excerpt":{"rendered":"Prends l\u2019enfant et sa m\u00e8re, et fuis en \u00c9gypte (Matthieu 2, 13-15.19-23) \u2192 Vie de la paroisse Le&hellip;\n","protected":false},"author":2,"featured_media":624119,"comment_status":"","ping_status":"","sticky":false,"template":"","format":"standard","meta":{"footnotes":""},"categories":[2821],"tags":[1111,11,829,1777,674,1011,27,12,584,25],"class_list":{"0":"post-624118","1":"post","2":"type-post","3":"status-publish","4":"format-standard","5":"has-post-thumbnail","7":"category-rennes","8":"tag-actu","9":"tag-actualites","10":"tag-bretagne","11":"tag-eu","12":"tag-europe","13":"tag-fr","14":"tag-france","15":"tag-news","16":"tag-rennes","17":"tag-republique-francaise"},"share_on_mastodon":{"url":"https:\/\/pubeurope.com\/@fr\/115788253262304256","error":""},"_links":{"self":[{"href":"https:\/\/www.europesays.com\/fr\/wp-json\/wp\/v2\/posts\/624118","targetHints":{"allow":["GET"]}}],"collection":[{"href":"https:\/\/www.europesays.com\/fr\/wp-json\/wp\/v2\/posts"}],"about":[{"href":"https:\/\/www.europesays.com\/fr\/wp-json\/wp\/v2\/types\/post"}],"author":[{"embeddable":true,"href":"https:\/\/www.europesays.com\/fr\/wp-json\/wp\/v2\/users\/2"}],"replies":[{"embeddable":true,"href":"https:\/\/www.europesays.com\/fr\/wp-json\/wp\/v2\/comments?post=624118"}],"version-history":[{"count":0,"href":"https:\/\/www.europesays.com\/fr\/wp-json\/wp\/v2\/posts\/624118\/revisions"}],"wp:featuredmedia":[{"embeddable":true,"href":"https:\/\/www.europesays.com\/fr\/wp-json\/wp\/v2\/media\/624119"}],"wp:attachment":[{"href":"https:\/\/www.europesays.com\/fr\/wp-json\/wp\/v2\/media?parent=624118"}],"wp:term":[{"taxonomy":"category","embeddable":true,"href":"https:\/\/www.europesays.com\/fr\/wp-json\/wp\/v2\/categories?post=624118"},{"taxonomy":"post_tag","embeddable":true,"href":"https:\/\/www.europesays.com\/fr\/wp-json\/wp\/v2\/tags?post=624118"}],"curies":[{"name":"wp","href":"https:\/\/api.w.org\/{rel}","templated":true}]}}