{"id":624127,"date":"2025-12-26T22:38:19","date_gmt":"2025-12-26T22:38:19","guid":{"rendered":"https:\/\/www.europesays.com\/fr\/624127\/"},"modified":"2025-12-26T22:38:19","modified_gmt":"2025-12-26T22:38:19","slug":"jean-pierre-papin-je-suis-decu-du-parcours-de-nice-parce-que-quand-je-voyais-ce-que-faisait-franck-haise-a-lens-jetais-un-peu-sous-le-charme","status":"publish","type":"post","link":"https:\/\/www.europesays.com\/fr\/624127\/","title":{"rendered":"Jean-Pierre Papin : \u00ab\u00a0Je suis d\u00e9\u00e7u du parcours de Nice parce que quand je voyais ce que faisait Franck Haise \u00e0 Lens j\u2019\u00e9tais un peu sous le charme\u00a0\u00bb"},"content":{"rendered":"<p><img width=\"773\" height=\"380\" data-lazy-type=\"image\" src=\"https:\/\/www.europesays.com\/fr\/wp-content\/uploads\/2025\/12\/bandicam-2021-09-12-15-37-40-665_resultat-773x380.jpg\" class=\"lazy lazy-hidden attachment-alchemists_thumbnail-lg size-alchemists_thumbnail-lg wp-post-image\" alt=\"\" decoding=\"async\" fetchpriority=\"high\"\/><\/p>\n<p style=\"text-align: justify;\">Dans <a href=\"https:\/\/twitter.com\/Rothensenflamme\" target=\"_blank\" rel=\"noopener\"><strong>Rothen s\u2019enflamme sur<br \/>\nRMC<\/strong><\/a>, <strong>Jean-Pierre Papin<\/strong>, ancien joueur<br \/>\ndes <strong>Girondins de Bordeaux<\/strong> et consultant, a donn\u00e9<br \/>\nses tops entra\u00eeneurs de ce d\u00e9but de saison en Ligue 1 et notamment<br \/>\nson avis sur Pierre Sage (Lens). Le sujet \u00e9tait : Pierre Sage est-il forc\u00e9ment le meilleur<br \/>\n?<\/p>\n<blockquote>\n<p style=\"text-align: center;\">\u201cAvec Lens il \u00e9tait l\u00e0 au d\u00e9part. Ce qu\u2019il avait<br \/>\nd\u00e9j\u00e0 fait \u00e0 Lyon la derni\u00e8re fois, sinc\u00e8rement c\u2019\u00e9tait incroyable.<br \/>\nApr\u00e8s, bien \u00e9videmment qu\u2019on retient la premi\u00e8re place, on retient<br \/>\nqu\u2019au d\u00e9part ce n\u2019\u00e9tait pas tr\u00e8s \u00e9vident. Ca commence par une<br \/>\nd\u00e9faite puis au fur et \u00e0 mesure il y a une \u00e9quipe qui se dessine,<br \/>\nil y a un \u00e9quilibre qui arrive puis il y a une s\u00e9rie de victoires<br \/>\nincroyable. Donc ouais, Pierre Sage num\u00e9ro un. Apr\u00e8s j\u2019aime<br \/>\nbeaucoup Dujeux par rapport \u00e0 ce que j\u2019ai vu cette ann\u00e9e, avec des<br \/>\nmoyens qui sont quand m\u00eame limit\u00e9s. Ce sont des \u00e9quipes qui jouent<br \/>\ncertainement mieux au football dans notre championnat. J\u2019ai un<br \/>\npetit faible aussi pour Didier Digard, qui avec tr\u00e8s peu de moyens<br \/>\naussi, est arriv\u00e9 \u00e0 sauver le club l\u2019ann\u00e9e derni\u00e8re d\u00e9j\u00e0, et<br \/>\nrepartir cette ann\u00e9e.\u201d<\/p>\n<\/blockquote>\n<p style=\"text-align: left;\">Puis<br \/>\nil a \u00e9voqu\u00e9 les entra\u00eeneurs dans les flops :<\/p>\n<blockquote>\n<p style=\"text-align: center;\">\u201cJe<br \/>\nsuis d\u00e9\u00e7u du parcours de Nice. Je suis d\u00e9\u00e7u du parcours de Nice<br \/>\nparce que quand je voyais ce que faisait Franck Haise \u00e0 Lens<br \/>\nj\u2019\u00e9tais un peu sous le charme. Depuis qu\u2019il est arriv\u00e9 \u00e0 Nice\u2026<br \/>\nPeut-\u00eatre qu\u2019il y a une cassure avec son groupe aussi, \u00e7a c\u2019est une<br \/>\npossibilit\u00e9. Quand il y a cassure, malheureusement c\u2019est tr\u00e8s<br \/>\ncompliqu\u00e9 de pouvoir reprendre le leadership. Un peu d\u00e9\u00e7u aussi de<br \/>\nl\u2019entra\u00eeneur de Strasbourg, je m\u2019attendais \u00e0 beaucoup mieux. Pour<br \/>\nle PFC je leur laisse encore un peu de cr\u00e9dits parce que ce n\u2019est<br \/>\njamais facile de monter en premi\u00e8re division, de se maintenir. Donc<br \/>\nje lui laisse un petit peu de temps. J\u2019aurais bien voulu laisser du<br \/>\ntemps \u00e0 Castro aussi parce que je pense que ce qu\u2019il \u00e9tait en train<br \/>\nde mettre en place, commen\u00e7ait \u00e0 prendre un petit peu. On ne lui a<br \/>\npas laiss\u00e9 le temps.\u201d\u00a0\u00a0<\/p>\n<\/blockquote>\n<p style=\"text-align: right;\"><strong>\u00a0Retranscription<br \/>\n<a href=\"https:\/\/girondins4ever.com\/\" target=\"_blank\" rel=\"noopener\">Girondins4Ever<\/a><\/strong><\/p>\n<p><img loading=\"lazy\" decoding=\"async\" class=\"lazy lazy-hidden size-medium wp-image-558256 aligncenter\" data-lazy-type=\"image\" src=\"https:\/\/www.europesays.com\/fr\/wp-content\/uploads\/2025\/12\/IMG_3562_OK_OK-300x200.jpg\" alt=\"\" width=\"300\" height=\"200\"  \/><\/p>\n<p><script async src=\"https:\/\/platform.twitter.com\/widgets.js\" charset=\"utf-8\"><\/script><\/p>\n","protected":false},"excerpt":{"rendered":"Dans Rothen s\u2019enflamme sur RMC, Jean-Pierre Papin, ancien joueur des Girondins de Bordeaux et consultant, a donn\u00e9 ses&hellip;\n","protected":false},"author":2,"featured_media":624128,"comment_status":"","ping_status":"","sticky":false,"template":"","format":"standard","meta":{"footnotes":""},"categories":[2819],"tags":[1111,11,1777,674,1011,27,12,2401,882,25],"class_list":{"0":"post-624127","1":"post","2":"type-post","3":"status-publish","4":"format-standard","5":"has-post-thumbnail","7":"category-nice","8":"tag-actu","9":"tag-actualites","10":"tag-eu","11":"tag-europe","12":"tag-fr","13":"tag-france","14":"tag-news","15":"tag-nice","16":"tag-provence-alpes-cote-dazur","17":"tag-republique-francaise"},"share_on_mastodon":{"url":"https:\/\/pubeurope.com\/@fr\/115788271166343132","error":""},"_links":{"self":[{"href":"https:\/\/www.europesays.com\/fr\/wp-json\/wp\/v2\/posts\/624127","targetHints":{"allow":["GET"]}}],"collection":[{"href":"https:\/\/www.europesays.com\/fr\/wp-json\/wp\/v2\/posts"}],"about":[{"href":"https:\/\/www.europesays.com\/fr\/wp-json\/wp\/v2\/types\/post"}],"author":[{"embeddable":true,"href":"https:\/\/www.europesays.com\/fr\/wp-json\/wp\/v2\/users\/2"}],"replies":[{"embeddable":true,"href":"https:\/\/www.europesays.com\/fr\/wp-json\/wp\/v2\/comments?post=624127"}],"version-history":[{"count":0,"href":"https:\/\/www.europesays.com\/fr\/wp-json\/wp\/v2\/posts\/624127\/revisions"}],"wp:featuredmedia":[{"embeddable":true,"href":"https:\/\/www.europesays.com\/fr\/wp-json\/wp\/v2\/media\/624128"}],"wp:attachment":[{"href":"https:\/\/www.europesays.com\/fr\/wp-json\/wp\/v2\/media?parent=624127"}],"wp:term":[{"taxonomy":"category","embeddable":true,"href":"https:\/\/www.europesays.com\/fr\/wp-json\/wp\/v2\/categories?post=624127"},{"taxonomy":"post_tag","embeddable":true,"href":"https:\/\/www.europesays.com\/fr\/wp-json\/wp\/v2\/tags?post=624127"}],"curies":[{"name":"wp","href":"https:\/\/api.w.org\/{rel}","templated":true}]}}