{"id":624129,"date":"2025-12-26T22:40:14","date_gmt":"2025-12-26T22:40:14","guid":{"rendered":"https:\/\/www.europesays.com\/fr\/624129\/"},"modified":"2025-12-26T22:40:14","modified_gmt":"2025-12-26T22:40:14","slug":"nantes-a-cible-sa-prochaine-recrue-une-signature-acquise-a-lasse","status":"publish","type":"post","link":"https:\/\/www.europesays.com\/fr\/624129\/","title":{"rendered":"Nantes a cibl\u00e9 sa prochaine recrue, une signature acquise \u00e0 l&rsquo;ASSE"},"content":{"rendered":"<p>Le FC Nantes a d\u00e9j\u00e0 bien amorc\u00e9 son mercato hivernal et semble avoir cibl\u00e9 sa prochaine recrue avec pr\u00e9cision. Apr\u00e8s les arriv\u00e9es de Deiver Machado en tant que joker et de R\u00e9my Cabella, d\u00e9sormais officiellement Canari, le club des bords de l\u2019Erdre souhaite renforcer plusieurs secteurs de jeu, dont le milieu de terrain.<\/p>\n<p>Selon le journaliste grec George Tsarouchas, le nom prioritaire de Nantes serait celui de Mady Camara, actuellement au PAOK Salonique. Le club lig\u00e9rien envisagerait un pr\u00eat jusqu\u2019\u00e0 la fin de la saison pour l\u2019ancien joueur de l\u2019AC Ajaccio, d\u00e9j\u00e0 suivi par Samsunspor en Turquie. Camara, qui a disput\u00e9 21 matchs cette saison avec le PAOK et inscrit deux buts, pourrait apporter son profil box-to-box dans un effectif en lutte pour le maintien, actuellement 17e de Ligue 1.<\/p>\n<p>A lire aussi :Eymard, bonne nouvelle chez les Verts<\/p>\n<p>Dans le m\u00eame temps, l\u2019ASSE a boucl\u00e9 sa premi\u00e8re signature hivernale avec le jeune milieu Paul Eymard selon Peuple vert. Consid\u00e9r\u00e9 comme l\u2019un des plus grands espoirs du centre de formation st\u00e9phanois, Eymard a choisi de rester fid\u00e8le \u00e0 son club formateur malgr\u00e9 l\u2019int\u00e9r\u00eat de clubs europ\u00e9ens majeurs comme l\u2019Inter Milan ou le RB Leipzig.<\/p>\n<p>L\u2019international U17 fran\u00e7ais, actuellement sous contrat aspirant jusqu\u2019en juin, signera son premier contrat professionnel d\u00e8s le 5 janvier, apr\u00e8s avoir f\u00eat\u00e9 ses 18 ans. Cette saison, il a disput\u00e9 trois matchs avec les Verts, dont une titularisation en Coupe de France contre l\u2019OGC Nice.<\/p>\n<p>   Partagez cette info avec vos amis et vos proches en cliquant ici<br \/> Pour r\u00e9sumer<\/p>\n<p>Le FC Nantes cible Mady Camara (PAOK Salonique) comme priorit\u00e9 pour un pr\u00eat cet hiver, apr\u00e8s Machado et Cabella, pour renforcer son milieu et lutter pour le maintien. Pendant ce temps, l\u2019ASSE s\u00e9curise son avenir en faisant signer Paul Eymard, grand espoir du centre st\u00e9phanois.<\/p>\n<p>R\u00e9dacteur<\/p>\n<p><img decoding=\"async\" width=\"76\" height=\"76\" loading=\"lazy\" src=\"https:\/\/www.europesays.com\/fr\/wp-content\/uploads\/2025\/04\/logo-julien-pedebos.jpg\" alt=\"Julien P\u00e9debos\"\/><\/p>\n","protected":false},"excerpt":{"rendered":"Le FC Nantes a d\u00e9j\u00e0 bien amorc\u00e9 son mercato hivernal et semble avoir cibl\u00e9 sa prochaine recrue avec&hellip;\n","protected":false},"author":2,"featured_media":624130,"comment_status":"","ping_status":"","sticky":false,"template":"","format":"standard","meta":{"footnotes":""},"categories":[2818],"tags":[1111,11,1777,674,1011,27,66,766,12,2636,25,10662],"class_list":{"0":"post-624129","1":"post","2":"type-post","3":"status-publish","4":"format-standard","5":"has-post-thumbnail","7":"category-nantes","8":"tag-actu","9":"tag-actualites","10":"tag-eu","11":"tag-europe","12":"tag-fr","13":"tag-france","14":"tag-ligue-1","15":"tag-nantes","16":"tag-news","17":"tag-pays-de-la-loire","18":"tag-republique-francaise","19":"tag-transferts"},"share_on_mastodon":{"url":"https:\/\/pubeurope.com\/@fr\/115788280001195320","error":""},"_links":{"self":[{"href":"https:\/\/www.europesays.com\/fr\/wp-json\/wp\/v2\/posts\/624129","targetHints":{"allow":["GET"]}}],"collection":[{"href":"https:\/\/www.europesays.com\/fr\/wp-json\/wp\/v2\/posts"}],"about":[{"href":"https:\/\/www.europesays.com\/fr\/wp-json\/wp\/v2\/types\/post"}],"author":[{"embeddable":true,"href":"https:\/\/www.europesays.com\/fr\/wp-json\/wp\/v2\/users\/2"}],"replies":[{"embeddable":true,"href":"https:\/\/www.europesays.com\/fr\/wp-json\/wp\/v2\/comments?post=624129"}],"version-history":[{"count":0,"href":"https:\/\/www.europesays.com\/fr\/wp-json\/wp\/v2\/posts\/624129\/revisions"}],"wp:featuredmedia":[{"embeddable":true,"href":"https:\/\/www.europesays.com\/fr\/wp-json\/wp\/v2\/media\/624130"}],"wp:attachment":[{"href":"https:\/\/www.europesays.com\/fr\/wp-json\/wp\/v2\/media?parent=624129"}],"wp:term":[{"taxonomy":"category","embeddable":true,"href":"https:\/\/www.europesays.com\/fr\/wp-json\/wp\/v2\/categories?post=624129"},{"taxonomy":"post_tag","embeddable":true,"href":"https:\/\/www.europesays.com\/fr\/wp-json\/wp\/v2\/tags?post=624129"}],"curies":[{"name":"wp","href":"https:\/\/api.w.org\/{rel}","templated":true}]}}