{"id":624141,"date":"2025-12-26T22:50:28","date_gmt":"2025-12-26T22:50:28","guid":{"rendered":"https:\/\/www.europesays.com\/fr\/624141\/"},"modified":"2025-12-26T22:50:28","modified_gmt":"2025-12-26T22:50:28","slug":"quand-les-associations-se-mobilisent-en-provence-pour-que-noel-soit-une-fete-pour-tous","status":"publish","type":"post","link":"https:\/\/www.europesays.com\/fr\/624141\/","title":{"rendered":"Quand les associations se mobilisent en Provence pour que No\u00ebl soit une f\u00eate pour tous"},"content":{"rendered":"<p>La joie et le blues. Si les f\u00eates riment avec retrouvailles, partage et convivialit\u00e9, tout le monde n\u2019a pas la chance de c\u00e9l\u00e9brer No\u00ebl en famille. Femmes, hommes, jeunes, vieux\u2026 l\u2019isolement, la pr\u00e9carit\u00e9 et l\u2019exclusion ne font pas de distinction. Mais dans ce monde lib\u00e9ral et fractur\u00e9, des \u00e2mes g\u00e9n\u00e9reuses se d\u00e9carcassent pour n\u2019oublier personne. Un geste, une pr\u00e9sence, une \u00e9coute, ne serait-ce qu\u2019un sourire, ils sont l\u00e0. Souvent autour d\u2019un <a href=\"https:\/\/www.laprovence.com\/article\/societe\/11239591166835\/un-repas-de-noel-solidaire-a-marseille-pour-les-personnes-a-la-rue\" target=\"_blank\" rel=\"noopener\">repas chaud<\/a>, ces b\u00e9n\u00e9voles mettent les petits plats dans les grands.<\/p>\n<p>Un Fran\u00e7ais sur quatre se sent seul et la p\u00e9riode de No\u00ebl accentue ce sentiment d\u2019isolement, selon la Fondation de France qui soutient 235 r\u00e9veillons solidaires dans l\u2019Hexagone dont sept dans les Bouches-du-Rh\u00f4ne. D\u2019apr\u00e8s le barom\u00e8tre 2025 des <a href=\"https:\/\/www.laprovence.com\/article\/societe\/1428076749895214\/personnes-agees-isolees-offrir-un-colis-de-noel-contre-la-solitude-avec-les-petits-freres-des-pauvres\" target=\"_blank\" rel=\"noopener\">Petits Fr\u00e8res des Pauvres<\/a>, deux millions d\u2019a\u00een\u00e9s sont isol\u00e9s de leur entourage proche, 750\u00a0000 sont en situation de \u00ab\u00a0mort sociale\u00a0\u00bb, sans contact. Pour que No\u00ebl reste une tr\u00eave magique pour tous, les associations sont sur le pont.<\/p>\n<p>\u00ab\u00a0Pour les plus d\u00e9munis, les f\u00eates sont anxiog\u00e8nes. On ressent une appr\u00e9hension particuli\u00e8re chez les femmes et les seniors. C\u2019est le moment le plus intense de l\u2019ann\u00e9e. Nous sommes ouverts tous les jours et nous enregistrons un pic de demandes de 15%, souligne Farida Benchaa, secr\u00e9taire g\u00e9n\u00e9rale du Secours Populaire 13 qui apporte une aide alimentaire \u00e0 58\u00a0000 personnes dont 16\u00a0000 rien qu\u2019\u00e0 Marseille. Nos effectifs sont renforc\u00e9s sur les points de distribution et le terrain aupr\u00e8s des \u00e9tudiants et <a href=\"https:\/\/www.laprovence.com\/article\/societe\/19361817111268\/noel-solidaire-de-l-association-maraude-mentalite-virage-depe-un-bonnet-offert-aux-sans-abri-a-marseille\" target=\"_blank\" rel=\"noopener\">des SDF<\/a>.\u00a0\u00bb<\/p>\n<p>Un engagement \u00ab\u00a0chevill\u00e9 au corps\u00a0\u00bb<\/p>\n<p>Maraudes et animations, arbres de No\u00ebl dans les centres et livraison de colis de produits d\u2019hygi\u00e8ne et de friandises, chaque action compte. L\u2019id\u00e9e est que tout le monde ait le sentiment d\u2019\u00eatre consid\u00e9r\u00e9 et inclus. <a href=\"https:\/\/www.laprovence.com\/article\/societe\/54350408050875\/645-jouets-collectes-a-chateaurenard-pour-offrir-un-noel-solidaire-aux-enfants-defavorises\" target=\"_blank\" rel=\"noopener\">Ces initiatives<\/a> sont possibles gr\u00e2ce aux b\u00e9n\u00e9voles dont nombreux sont eux-m\u00eames accompagn\u00e9s. \u00ab\u00a0L\u2019ADN du Secours Populaire c\u2019est que n\u2019importe qui peut devenir acteur de la solidarit\u00e9. Nous faisons vivre au quotidien une d\u00e9marche d\u2019\u00e9ducation populaire, souligne la repr\u00e9sentante du 13. La majorit\u00e9 de nos\u00a0131 structures sont compos\u00e9es de personnes que nous aidons ou avons aid\u00e9es un jour.\u00a0\u00bb<\/p>\n<p>Farida Benchaa en est l\u2019exemple. Il y a vingt ans, elle \u00e9tait de ces b\u00e9n\u00e9voles. Aujourd\u2019hui, elle est salari\u00e9e, dirigeante et \u00e9lue au bureau national en charge des Copains du monde. \u00ab\u00a0Quand on travaille, on croit qu\u2019on travaillera toute sa vie. Et un matin, on perd son emploi. Avec mon mari, nous avions trois enfants en bas \u00e2ge quand on a \u00e9t\u00e9 licenci\u00e9s tous les deux.\u00a0\u00bb <a href=\"https:\/\/www.laprovence.com\/article\/societe\/1221398260581715\/122-enfants-fetent-noel-avant-l-heure-avec-le-pere-noel-vert-du-secours-populaire-a-arles\" target=\"_blank\" rel=\"noopener\">Au Secours Populaire<\/a>, Farida va sortir la t\u00eate de l\u2019eau. Mieux, s\u2019\u00e9manciper et reprendre des \u00e9tudes \u00e0 50\u00a0ans, un master de sociologie. C\u2019est la preuve que le b\u00e9n\u00e9volat peut \u00eatre un levier d\u2019insertion\u00a0: \u00ab\u00a0Sans le Secours, je ne me le serais jamais autoris\u00e9. Ici, j\u2019ai grandi et rebondi. Depuis, mon engagement est chevill\u00e9 au corps.\u00a0\u00bb<\/p>\n<p>La crainte de ne pas boucler la fin de mois<\/p>\n<p>Un \u00e9lan fragile. Car si 21% de la population participe \u00e0 une activit\u00e9 de b\u00e9n\u00e9vole, le taux d\u2019engagement des plus de 65\u00a0ans chute \u00e0 24% en\u00a02025 contre 38% en\u00a02010. En revanche, selon le barom\u00e8tre du B\u00e9n\u00e9volat, celui des jeunes (15-34\u00a0ans) se confirme (23% vs 16%). Ce constat appelle \u00e0 renforcer le maillage associatif pour <a href=\"https:\/\/www.laprovence.com\/article\/societe\/1593085592283714\/restos-du-coeur-a-marseille-40-ans-apres-lappel-de-coluche-toujours-plus-de-demandes-et-moins-de-dons\" target=\"_blank\" rel=\"noopener\">r\u00e9pondre aux besoins<\/a>. Car les guirlandes qui clignotent ne font pas oublier la crise\u00a0: l\u2019enqu\u00eate de Dons Solidaires avec l\u2019Ifop montre que 44% des Fran\u00e7ais craignent de ne pas boucler leur mois, 39% redoutent un basculement dans la pauvret\u00e9 et 22% rencontrent souvent des difficult\u00e9s financi\u00e8res. Et si pour les deux tiers des gens, les f\u00eates sont synonymes de r\u00e9jouissance, plus d\u2019un quart <a href=\"https:\/\/www.laprovence.com\/article\/societe\/6407179310592814\/la-prime-de-noel-versee-a-partir-du-16-decembre-a-plus-de-2-2-millions-de-familles\" target=\"_blank\" rel=\"noopener\">appr\u00e9hendent No\u00ebl<\/a> et en sont attrist\u00e9s.<\/p>\n<p>Aux <a href=\"https:\/\/www.laprovence.com\/article\/region\/2414684015525414\/les-collegiens-de-saint-andre-les-alpes-organisent-une-collecte-au-profit-des-restos-du-coeur\" target=\"_blank\" rel=\"noopener\">Restos du c\u0153ur<\/a>, c\u2019est aussi une p\u00e9riode cl\u00e9. Le P\u00e8re No\u00ebl fait la <a href=\"https:\/\/www.laprovence.com\/article\/societe\/7987952220647414\/les-restos-du-coeur-d-orange-organisent-un-noel-solidaire-pour-les-enfants\" target=\"_blank\" rel=\"noopener\">tourn\u00e9e des antennes<\/a> et la distribution de denr\u00e9es ne prend pas de vacances. Pour que le lien tienne, des b\u00e9n\u00e9voles sont engag\u00e9s par centaines. Des ext\u00e9rieurs et des accueillis impliqu\u00e9s comme acteurs de leur d\u00e9veloppement. \u00c0 M\u00e9diterran\u00e9e, au nord de Marseille, le centre tourne \u00e0 80% gr\u00e2ce aux b\u00e9n\u00e9ficiaires. \u00ab\u00a0C\u2019est une mani\u00e8re de renvoyer l\u2019ascenseur. Les gens appr\u00e9cient l\u2019accueil et le suivi. L\u2019aide alimentaire est la porte d\u2019entr\u00e9e, pr\u00e9cise\u00a0Alain Evezard, pr\u00e9sident des Restos du c\u0153ur des Bouches-du-Rh\u00f4ne. Derri\u00e8re, il y a des dispositifs\u00a0: acc\u00e8s aux droits, recherche d\u2019emploi, soutien scolaire\u2026 La prise en charge est globale.\u00a0\u00bb Un socle commun\u00a0: l\u2019accueil est inconditionnel.<\/p>\n","protected":false},"excerpt":{"rendered":"La joie et le blues. Si les f\u00eates riment avec retrouvailles, partage et convivialit\u00e9, tout le monde n\u2019a&hellip;\n","protected":false},"author":2,"featured_media":624142,"comment_status":"","ping_status":"","sticky":false,"template":"","format":"standard","meta":{"footnotes":""},"categories":[2814],"tags":[17,1111,11,4733,1777,674,1011,27,151,884,16073,12,471,1186,882,396,746,25,104],"class_list":{"0":"post-624141","1":"post","2":"type-post","3":"status-publish","4":"format-standard","5":"has-post-thumbnail","7":"category-marseille","8":"tag-17","9":"tag-actu","10":"tag-actualites","11":"tag-associations","12":"tag-eu","13":"tag-europe","14":"tag-fr","15":"tag-france","16":"tag-les","17":"tag-marseille","18":"tag-mobilisent","19":"tag-news","20":"tag-pour","21":"tag-provence","22":"tag-provence-alpes-cote-dazur","23":"tag-quand","24":"tag-que","25":"tag-republique-francaise","26":"tag-societe"},"share_on_mastodon":{"url":"https:\/\/pubeurope.com\/@fr\/115788318401617381","error":""},"_links":{"self":[{"href":"https:\/\/www.europesays.com\/fr\/wp-json\/wp\/v2\/posts\/624141","targetHints":{"allow":["GET"]}}],"collection":[{"href":"https:\/\/www.europesays.com\/fr\/wp-json\/wp\/v2\/posts"}],"about":[{"href":"https:\/\/www.europesays.com\/fr\/wp-json\/wp\/v2\/types\/post"}],"author":[{"embeddable":true,"href":"https:\/\/www.europesays.com\/fr\/wp-json\/wp\/v2\/users\/2"}],"replies":[{"embeddable":true,"href":"https:\/\/www.europesays.com\/fr\/wp-json\/wp\/v2\/comments?post=624141"}],"version-history":[{"count":0,"href":"https:\/\/www.europesays.com\/fr\/wp-json\/wp\/v2\/posts\/624141\/revisions"}],"wp:featuredmedia":[{"embeddable":true,"href":"https:\/\/www.europesays.com\/fr\/wp-json\/wp\/v2\/media\/624142"}],"wp:attachment":[{"href":"https:\/\/www.europesays.com\/fr\/wp-json\/wp\/v2\/media?parent=624141"}],"wp:term":[{"taxonomy":"category","embeddable":true,"href":"https:\/\/www.europesays.com\/fr\/wp-json\/wp\/v2\/categories?post=624141"},{"taxonomy":"post_tag","embeddable":true,"href":"https:\/\/www.europesays.com\/fr\/wp-json\/wp\/v2\/tags?post=624141"}],"curies":[{"name":"wp","href":"https:\/\/api.w.org\/{rel}","templated":true}]}}