{"id":624143,"date":"2025-12-26T22:51:16","date_gmt":"2025-12-26T22:51:16","guid":{"rendered":"https:\/\/www.europesays.com\/fr\/624143\/"},"modified":"2025-12-26T22:51:16","modified_gmt":"2025-12-26T22:51:16","slug":"elle-refuse-leurs-avances-une-jeune-femme-de-18-ans-frappee-a-coups-de-matraque-par-trois-hommes","status":"publish","type":"post","link":"https:\/\/www.europesays.com\/fr\/624143\/","title":{"rendered":"Elle refuse leurs avances, une jeune femme de 18 ans frapp\u00e9e \u00e0 coups de matraque par trois hommes"},"content":{"rendered":"<p>Alors qu\u2019elle rentrait \u00e0 son domicile, une jeune femme \u00e2g\u00e9e de 18 ans a \u00e9t\u00e9 violemment frapp\u00e9e par trois hommes, \u00e0 <a href=\"https:\/\/www.20minutes.fr\/marseille\/\" class=\"c-link c-link--is-underlined\" target=\"_blank\" rel=\"noopener\">Marseille<\/a>, dans la nuit de jeudi \u00e0 vendredi, \u00e9voque <a href=\"https:\/\/actu.fr\/provence-alpes-cote-d-azur\/marseille_13055\/marseille-elle-refuse-leurs-avances-au-feu-rouge-la-suite-est-d-une-violence-inouie_63623358.html#676oiop9t3e3lcepyt2kmhg4jmhpecrkd\" target=\"_blank\" class=\"c-link c-link--is-underlined\" rel=\"noopener\">Actu<\/a>. Son tort\u00a0? Avoir refus\u00e9 les avances de trois hommes en voiture qui l\u2019ont interpell\u00e9 alors qu\u2019elle se trouvait au volant de son v\u00e9hicule \u00e0 un feu rouge.<\/p>\n<p>Ils seraient alors descendus avant de s\u2019en prendre dans un premier temps \u00e0 son v\u00e9hicule, avant de l\u2019extirper de sa voiture. La jeune femme a alors \u00e9t\u00e9 rou\u00e9e de coups. Elle a expliqu\u00e9 aux enqu\u00eateurs avoir \u00e9t\u00e9 frapp\u00e9e \u00e0 coups de poing, de pieds et de matraque, sur diverses parties du corps.<\/p>\n<\/p>\n<p>Les faits se sont produits vers une heure du matin dans le treizi\u00e8me arrondissement de la pr\u00e9fecture des <a href=\"https:\/\/www.20minutes.fr\/dossier\/bouches-rhone\" class=\"c-link c-link--is-underlined\" target=\"_blank\" rel=\"noopener\">Bouches-du-Rh\u00f4ne<\/a>. Bless\u00e9e et choqu\u00e9e, elle a \u00e9t\u00e9 transport\u00e9e \u00e0 l\u2019h\u00f4pital par les secours. Ses agresseurs auraient pris la fuite \u00e0 bord d\u2019une Audi A1.<\/p>\n","protected":false},"excerpt":{"rendered":"Alors qu\u2019elle rentrait \u00e0 son domicile, une jeune femme \u00e2g\u00e9e de 18 ans a \u00e9t\u00e9 violemment frapp\u00e9e par&hellip;\n","protected":false},"author":2,"featured_media":624144,"comment_status":"","ping_status":"","sticky":false,"template":"","format":"standard","meta":{"footnotes":""},"categories":[2814],"tags":[1111,47,11,1120,885,1777,674,118,7505,1011,27,884,12,883,882,25,797],"class_list":{"0":"post-624143","1":"post","2":"type-post","3":"status-publish","4":"format-standard","5":"has-post-thumbnail","7":"category-marseille","8":"tag-actu","9":"tag-actualite","10":"tag-actualites","11":"tag-agression","12":"tag-bouches-du-rhone","13":"tag-eu","14":"tag-europe","15":"tag-faits-divers","16":"tag-faits-divers-marseille","17":"tag-fr","18":"tag-france","19":"tag-marseille","20":"tag-news","21":"tag-paca","22":"tag-provence-alpes-cote-dazur","23":"tag-republique-francaise","24":"tag-violences-faites-aux-femmes"},"share_on_mastodon":{"url":"https:\/\/pubeurope.com\/@fr\/115788324312013233","error":""},"_links":{"self":[{"href":"https:\/\/www.europesays.com\/fr\/wp-json\/wp\/v2\/posts\/624143","targetHints":{"allow":["GET"]}}],"collection":[{"href":"https:\/\/www.europesays.com\/fr\/wp-json\/wp\/v2\/posts"}],"about":[{"href":"https:\/\/www.europesays.com\/fr\/wp-json\/wp\/v2\/types\/post"}],"author":[{"embeddable":true,"href":"https:\/\/www.europesays.com\/fr\/wp-json\/wp\/v2\/users\/2"}],"replies":[{"embeddable":true,"href":"https:\/\/www.europesays.com\/fr\/wp-json\/wp\/v2\/comments?post=624143"}],"version-history":[{"count":0,"href":"https:\/\/www.europesays.com\/fr\/wp-json\/wp\/v2\/posts\/624143\/revisions"}],"wp:featuredmedia":[{"embeddable":true,"href":"https:\/\/www.europesays.com\/fr\/wp-json\/wp\/v2\/media\/624144"}],"wp:attachment":[{"href":"https:\/\/www.europesays.com\/fr\/wp-json\/wp\/v2\/media?parent=624143"}],"wp:term":[{"taxonomy":"category","embeddable":true,"href":"https:\/\/www.europesays.com\/fr\/wp-json\/wp\/v2\/categories?post=624143"},{"taxonomy":"post_tag","embeddable":true,"href":"https:\/\/www.europesays.com\/fr\/wp-json\/wp\/v2\/tags?post=624143"}],"curies":[{"name":"wp","href":"https:\/\/api.w.org\/{rel}","templated":true}]}}