{"id":624149,"date":"2025-12-26T22:55:24","date_gmt":"2025-12-26T22:55:24","guid":{"rendered":"https:\/\/www.europesays.com\/fr\/624149\/"},"modified":"2025-12-26T22:55:24","modified_gmt":"2025-12-26T22:55:24","slug":"meteo-la-mairie-de-paris-appelle-letat-a-declencher-le-plan-grand-froid-en-ile-de-france","status":"publish","type":"post","link":"https:\/\/www.europesays.com\/fr\/624149\/","title":{"rendered":"M\u00e9t\u00e9o : la mairie de Paris appelle l&rsquo;\u00c9tat \u00e0 d\u00e9clencher le plan grand froid en \u00cele-de-France"},"content":{"rendered":"<ul class=\"jsx-862013697 ArticleChapo__List\">\n<li class=\"jsx-862013697 ArticleChapo__List_Item flex\">La mairie de Paris presse l&rsquo;\u00c9tat de d\u00e9clencher le plan grand froid en \u00cele-de-France.<\/li>\n<li class=\"jsx-862013697 ArticleChapo__List_Item flex\">Ce que ne fait pas la pr\u00e9fecture, qui assure \u00eatre \u00ab\u00a0largement\u00a0\u00bb mobilis\u00e9e.<\/li>\n<\/ul>\n<p data-module=\"article-paragraph\" class=\"jsx-157965717 Paragraph Paragraph__End\">Une situation \u00ab\u00a0dramatique\u00a0\u00bb. La mairie de Paris a appel\u00e9 ce vendredi 26 d\u00e9cembre l&rsquo;\u00c9tat \u00e0 d\u00e9clencher \u00ab\u00a0sans attendre\u00a0\u00bb le plan grand froid. Il <a href=\"https:\/\/www.tf1info.fr\/meteo\/alsace-bretagne-champagne-en-quoi-consiste-le-plan-grand-froid-declenche-dans-une-quinzaine-de-departements-2414889.html\" target=\"_blank\" rel=\"noopener\">a d\u00e9j\u00e0 \u00e9t\u00e9 activ\u00e9 par plusieurs pr\u00e9fectures (nouvelle fen\u00eatre)<\/a>, mais pas en \u00cele-de-France, qui n&rsquo;est pas plac\u00e9e en vigilance jaune \u00ab\u00a0grand froid\u00a0\u00bb, selon <a href=\"https:\/\/vigilance.meteofrance.fr\/fr\/grand-froid\" target=\"_blank\" rel=\"nofollow noopener\">le dernier bulletin de M\u00e9t\u00e9o-France (nouvelle fen\u00eatre)<\/a>.<\/p>\n<p data-module=\"article-paragraph\" class=\"jsx-157965717 Paragraph Paragraph__End\">\u00ab\u00a0\u00c0 Paris, les temp\u00e9ratures sont tr\u00e8s froides depuis plusieurs jours et risquent de durer\u00a0\u00bb, souligne n\u00e9anmoins dans un communiqu\u00e9 la ville de Paris, qui \u00ab\u00a0demande solennellement \u00e0 l&rsquo;\u00c9tat l&rsquo;ouverture du plan grand froid, et de prendre toutes les mesures n\u00e9cessaires pour mettre \u00e0 l&rsquo;abri les personnes les plus fragiles\u00a0\u00bb. Le plan grand froid permet une extension des horaires d&rsquo;ouverture des accueils de jour, un renforcement des maraudes et la r\u00e9quisition de lieux pour ouvrir des places d&rsquo;h\u00e9bergement d&rsquo;urgence. \u00ab\u00a0Il y a urgence \u00e0 agir\u00a0\u00bb au regard des \u00ab\u00a0nombreuses alertes\u00a0\u00bb \u00e9manant des maraudes sur la pr\u00e9sence de sans-abri \u00ab\u00a0transis par le froid\u00a0\u00bb au cours des derniers jours, selon la mairie.<\/p>\n<p>Pr\u00e8s de 17.000 places ouvertes<\/p>\n<p data-module=\"article-paragraph\" class=\"jsx-157965717 Paragraph Paragraph__End\">Sollicit\u00e9e par l&rsquo;AFP, la pr\u00e9fecture d&rsquo;\u00cele-de-France a assur\u00e9 s&rsquo;\u00eatre \u00ab\u00a0largement\u00a0\u00bb mobilis\u00e9e d\u00e8s le 23 d\u00e9cembre, \u00ab\u00a0en lien avec les op\u00e9rateurs et les acteurs de la veille sociale\u00a0\u00bb, \u00ab\u00a0pour intensifier l&rsquo;accompagnement des publics en situation de rue\u00a0\u00bb. \u00ab\u00a0Lorsque les conditions d&rsquo;activation du plan grand froid seront r\u00e9unies \u00e0 Paris, il sera imm\u00e9diatement d\u00e9clench\u00e9 par le pr\u00e9fet de r\u00e9gion d&rsquo;\u00cele-de-France, pr\u00e9fet de Paris\u00a0\u00bb, a-t-elle affirm\u00e9.<\/p>\n<p data-module=\"article-paragraph\" class=\"jsx-157965717 Paragraph Paragraph__End\">\u00ab\u00a0Au total, ce sont pr\u00e8s de 16.900 places qui sont ouvertes par les services de l&rsquo;\u00c9tat chaque nuit en ce moment dans Paris pour accueillir les personnes en rue les plus vuln\u00e9rables\u00a0\u00bb, a soulign\u00e9 la pr\u00e9fecture d&rsquo;\u00cele-de-France.\u00a0\u00ab\u00a0Ce sont 210 nouvelles personnes en famille qui avaient appel\u00e9 hier le 115 qui ont pu \u00eatre h\u00e9berg\u00e9es\u00a0\u00bb jeudi soir, a poursuivi la pr\u00e9fecture de r\u00e9gion, ajoutant que \u00ab\u00a0plus de 20 maraudes\u00a0\u00bb s&rsquo;\u00e9taient rendues aupr\u00e8s des sans-abri vendredi.<\/p>\n<p><a href=\"https:\/\/www.tf1info.fr\/justice-faits-divers\/reims-un-sans-abri-retrouve-mort-le-froid-cause-probable-du-deces-2414927.html\" rel=\"noopener\" class=\"jsx-3308031228 Link flex\" target=\"_blank\"><img decoding=\"async\" src=\"https:\/\/www.europesays.com\/fr\/wp-content\/uploads\/2025\/12\/police-nationale-illustration-2022-bc8219-0@1x.jpeg\" alt=\"ILLUSTRATION\" loading=\"lazy\" importance=\"low\" fetchpriority=\"low\" class=\"\" aria-hidden=\"true\"\/><\/p>\n<p class=\"jsx-3657663356 ReadMoreArticle__Title\">Lire aussi<\/p>\n<p class=\"jsx-3657663356\">Reims : un sans-abri retrouv\u00e9 mort, le froid cause \u00ab\u00a0probable\u00a0\u00bb du d\u00e9c\u00e8s<\/p>\n<p><\/a><\/p>\n<p data-module=\"article-paragraph\" class=\"jsx-157965717 Paragraph Paragraph__End\">\u00ab\u00a0Les maraudes n&rsquo;ont nulle part o\u00f9 mettre les personnes \u00e0 l&rsquo;abri, c&rsquo;est dramatique\u00a0\u00bb, a d\u00e9clar\u00e9 \u00e0 l&rsquo;AFP L\u00e9a Filoche, adjointe \u00e0 la maire socialiste <a href=\"https:\/\/www.tf1info.fr\/actualite\/anne-hidalgo-10094\/\" target=\"_blank\" rel=\"noopener\">Anne Hidalgo<\/a> en charge des solidarit\u00e9s. De \u00ab\u00a0nombreux lieux vides\u00a0\u00bb pourraient \u00eatre r\u00e9quisitionn\u00e9s par l&rsquo;\u00c9tat comme l&rsquo;ancien h\u00f4pital militaire du Val-de-Gr\u00e2ce dans le quartier Latin, selon l&rsquo;\u00e9lue, qui d\u00e9nonce le \u00ab\u00a0grave d\u00e9sengagement de l&rsquo;\u00c9tat auquel la mairie se substitue tant bien que mal\u00a0\u00bb.<\/p>\n<p data-module=\"article-paragraph\" class=\"jsx-157965717 Paragraph Paragraph__End\">\u00ab\u00a0Au total, la ville de Paris met \u00e0 l&rsquo;abri plus de 1.400 personnes dont la prise en charge rel\u00e8ve de l&rsquo;\u00c9tat\u00a0\u00bb, dans 6 gymnases et 8 b\u00e2timents municipaux (anciennes \u00e9coles, cr\u00e8ches ou coll\u00e8ges), d\u00e9taille-t-elle. \u00ab\u00a0La mairie va pousser les murs\u00a0d\u00e8s ce (vendredi) soir, mais \u00e7a ne cr\u00e9era que quelques dizaines de places, c&rsquo;est largement en-dessous des besoins\u00a0\u00bb, a regrett\u00e9 L\u00e9a Filoche, soulignant que plus de 3.500 personnes dormant \u00e0 la rue avaient \u00e9t\u00e9 recens\u00e9es lors de la derni\u00e8re Nuit de la solidarit\u00e9 d\u00e9but 2025.<\/p>\n<p>I.N avec AFP<\/p>\n","protected":false},"excerpt":{"rendered":"La mairie de Paris presse l&rsquo;\u00c9tat de d\u00e9clencher le plan grand froid en \u00cele-de-France. Ce que ne fait&hellip;\n","protected":false},"author":2,"featured_media":624150,"comment_status":"","ping_status":"","sticky":false,"template":"","format":"standard","meta":{"footnotes":""},"categories":[1592],"tags":[1111,11,1921,1777,674,1011,27,662,1922,12,626,11008,73314,25,133,11009],"class_list":{"0":"post-624149","1":"post","2":"type-post","3":"status-publish","4":"format-standard","5":"has-post-thumbnail","7":"category-ile-de-france","8":"tag-actu","9":"tag-actualites","10":"tag-article-video","11":"tag-eu","12":"tag-europe","13":"tag-fr","14":"tag-france","15":"tag-ile-de-france","16":"tag-info","17":"tag-news","18":"tag-paris","19":"tag-phenomenes-meteo","20":"tag-plan-grand-froid","21":"tag-republique-francaise","22":"tag-video","23":"tag-video-meteo-et-intemperies"},"share_on_mastodon":{"url":"https:\/\/pubeurope.com\/@fr\/115788339506202803","error":""},"_links":{"self":[{"href":"https:\/\/www.europesays.com\/fr\/wp-json\/wp\/v2\/posts\/624149","targetHints":{"allow":["GET"]}}],"collection":[{"href":"https:\/\/www.europesays.com\/fr\/wp-json\/wp\/v2\/posts"}],"about":[{"href":"https:\/\/www.europesays.com\/fr\/wp-json\/wp\/v2\/types\/post"}],"author":[{"embeddable":true,"href":"https:\/\/www.europesays.com\/fr\/wp-json\/wp\/v2\/users\/2"}],"replies":[{"embeddable":true,"href":"https:\/\/www.europesays.com\/fr\/wp-json\/wp\/v2\/comments?post=624149"}],"version-history":[{"count":0,"href":"https:\/\/www.europesays.com\/fr\/wp-json\/wp\/v2\/posts\/624149\/revisions"}],"wp:featuredmedia":[{"embeddable":true,"href":"https:\/\/www.europesays.com\/fr\/wp-json\/wp\/v2\/media\/624150"}],"wp:attachment":[{"href":"https:\/\/www.europesays.com\/fr\/wp-json\/wp\/v2\/media?parent=624149"}],"wp:term":[{"taxonomy":"category","embeddable":true,"href":"https:\/\/www.europesays.com\/fr\/wp-json\/wp\/v2\/categories?post=624149"},{"taxonomy":"post_tag","embeddable":true,"href":"https:\/\/www.europesays.com\/fr\/wp-json\/wp\/v2\/tags?post=624149"}],"curies":[{"name":"wp","href":"https:\/\/api.w.org\/{rel}","templated":true}]}}