{"id":624153,"date":"2025-12-26T22:59:28","date_gmt":"2025-12-26T22:59:28","guid":{"rendered":"https:\/\/www.europesays.com\/fr\/624153\/"},"modified":"2025-12-26T22:59:28","modified_gmt":"2025-12-26T22:59:28","slug":"trois-femmes-blessees-a-larme-blanche-dans-le-metro-parisien-lagresseur-arrete-dans-le-val-doise","status":"publish","type":"post","link":"https:\/\/www.europesays.com\/fr\/624153\/","title":{"rendered":"Trois femmes bless\u00e9es \u00e0 l&rsquo;arme blanche dans le m\u00e9tro parisien, l&rsquo;agresseur arr\u00eat\u00e9 dans le Val d&rsquo;Oise"},"content":{"rendered":"<p>Les agressions ont eu lieu sur la ligne 3 du m\u00e9tro parisien. Deux victimes, ont \u00e9t\u00e9 transport\u00e9es \u00e0 l&rsquo;h\u00f4pital, une autre s&rsquo;y est rendue par ses propres moyens. L&rsquo;agresseur a quant \u00e0 lui \u00e9t\u00e9 arr\u00eat\u00e9 \u00e0 Sarcelles (Val d&rsquo;Oise).<\/p>\n<p>Trois femmes ont \u00e9t\u00e9 bless\u00e9es \u00e0 l&rsquo;arme blanche sur la ligne 3 du m\u00e9tro parisien ce vendredi 26 d\u00e9cembre, a annonc\u00e9 la RATP confirmant une information du <a href=\"https:\/\/www.leparisien.fr\/faits-divers\/paris-trois-femmes-poignardees-dans-le-metro-par-un-homme-26-12-2025-6SINKZU5ZNDAJNV5OBXLQJIMWE.php\" target=\"_blank\" class=\"external_link\" rel=\"noopener\">Parisien<\/a>. Leur agresseur a \u00e9t\u00e9 arr\u00eat\u00e9 en fin d&rsquo;apr\u00e8s-midi dans le Val d&rsquo;Oise, selon le parquet de Paris. Plus pr\u00e9cis\u00e9ment \u00e0 Sarcelles, selon une source proche de l&rsquo;enqu\u00eate.<\/p>\n<p>Les agressions ont eu lieu sur la ligne 3 du m\u00e9tro parisien entre 16h15 et 16h45 aux stations Arts-et-M\u00e9tiers, R\u00e9publique et Op\u00e9ra, a confirm\u00e9 la RATP \u00e0 BFMTV. Vers 16h15, deux victimes, ont \u00e9t\u00e9 rapidement prises en charge par les pompiers et transport\u00e9es \u00e0 l&rsquo;h\u00f4pital sans pronostic vital engag\u00e9.<\/p>\n<p>Une troisi\u00e8me victime s&rsquo;est rendue elle-m\u00eame \u00e0 l&rsquo;h\u00f4pital et y a d\u00e9clar\u00e9 avoir \u00e9t\u00e9 bless\u00e9e par une arme blanche sur la ligne 3 du m\u00e9tro vers 16h45. Son pronostic vital n\u2019est pas engag\u00e9.<\/p>\n<p>Le suspect connu des services de police<\/p>\n<p>Saisie d&rsquo;une enqu\u00eate pour tentative d&rsquo;homicide volontaire et violences volontaires avec arme, la s\u00fbret\u00e9 r\u00e9gionale des transports (SRT), a rapidement identifi\u00e9 un jeune homme de 25 ans sur les images de vid\u00e9osurveillances, a-t-on appris aupr\u00e8s du parquet de Paris. Celui-ci, connu des services de police, notamment pour des faits d&rsquo;atteinte aux biens, a \u00e9t\u00e9 localis\u00e9 gr\u00e2ce \u00e0 son t\u00e9l\u00e9phone portable \u00e0 Sarcelles.<\/p>\n<p>Le ministre de l&rsquo;Int\u00e9rieur, Laurent Nunez et le pr\u00e9fet de Police ont salu\u00e9 la r\u00e9activit\u00e9 et la mobilisation de ses services pour leur intervention et l&rsquo;interpellation de l&rsquo;individu suspect\u00e9 d&rsquo;\u00eatre l&rsquo;auteur de ces faits.<\/p>\n","protected":false},"excerpt":{"rendered":"Les agressions ont eu lieu sur la ligne 3 du m\u00e9tro parisien. Deux victimes, ont \u00e9t\u00e9 transport\u00e9es \u00e0&hellip;\n","protected":false},"author":2,"featured_media":624154,"comment_status":"","ping_status":"","sticky":false,"template":"","format":"standard","meta":{"footnotes":""},"categories":[1888],"tags":[1111,1928,11,1927,1777,674,1011,27,12,1926,626,1925,25],"class_list":{"0":"post-624153","1":"post","2":"type-post","3":"status-publish","4":"format-standard","5":"has-post-thumbnail","7":"category-paris","8":"tag-actu","9":"tag-actu-paris","10":"tag-actualites","11":"tag-actualites-paris","12":"tag-eu","13":"tag-europe","14":"tag-fr","15":"tag-france","16":"tag-news","17":"tag-news-paris","18":"tag-paris","19":"tag-paris-news","20":"tag-republique-francaise"},"share_on_mastodon":{"url":"https:\/\/pubeurope.com\/@fr\/115788353664944954","error":""},"_links":{"self":[{"href":"https:\/\/www.europesays.com\/fr\/wp-json\/wp\/v2\/posts\/624153","targetHints":{"allow":["GET"]}}],"collection":[{"href":"https:\/\/www.europesays.com\/fr\/wp-json\/wp\/v2\/posts"}],"about":[{"href":"https:\/\/www.europesays.com\/fr\/wp-json\/wp\/v2\/types\/post"}],"author":[{"embeddable":true,"href":"https:\/\/www.europesays.com\/fr\/wp-json\/wp\/v2\/users\/2"}],"replies":[{"embeddable":true,"href":"https:\/\/www.europesays.com\/fr\/wp-json\/wp\/v2\/comments?post=624153"}],"version-history":[{"count":0,"href":"https:\/\/www.europesays.com\/fr\/wp-json\/wp\/v2\/posts\/624153\/revisions"}],"wp:featuredmedia":[{"embeddable":true,"href":"https:\/\/www.europesays.com\/fr\/wp-json\/wp\/v2\/media\/624154"}],"wp:attachment":[{"href":"https:\/\/www.europesays.com\/fr\/wp-json\/wp\/v2\/media?parent=624153"}],"wp:term":[{"taxonomy":"category","embeddable":true,"href":"https:\/\/www.europesays.com\/fr\/wp-json\/wp\/v2\/categories?post=624153"},{"taxonomy":"post_tag","embeddable":true,"href":"https:\/\/www.europesays.com\/fr\/wp-json\/wp\/v2\/tags?post=624153"}],"curies":[{"name":"wp","href":"https:\/\/api.w.org\/{rel}","templated":true}]}}