{"id":624155,"date":"2025-12-26T23:00:20","date_gmt":"2025-12-26T23:00:20","guid":{"rendered":"https:\/\/www.europesays.com\/fr\/624155\/"},"modified":"2025-12-26T23:00:20","modified_gmt":"2025-12-26T23:00:20","slug":"trois-femmes-blessees-a-larme-blanche-dans-le-metro-de-paris-un-suspect-interpelle","status":"publish","type":"post","link":"https:\/\/www.europesays.com\/fr\/624155\/","title":{"rendered":"Trois femmes bless\u00e9es \u00e0 l\u2019arme blanche dans le m\u00e9tro de Paris, un suspect interpell\u00e9"},"content":{"rendered":"<p>La <a href=\"https:\/\/rennes.maville.com\/actu\/actudet_-les-controleurs-sncf-et-ratp-pourront-porter-des-cameras-pietons-des-vendredi-_54135-7115476_actu.Htm\" target=\"_blank\" rel=\"noopener\">RATP<\/a> indique ce vendredi 26\u00a0d\u00e9cembre 2025 que trois femmes ont \u00e9t\u00e9 bless\u00e9es \u00e0 l\u2019arme blanche dans <a href=\"https:\/\/rennes.maville.com\/actu\/actudet_-info-ouest-france.-qualite-de-l-air-dans-le-metro-parisien-l-enquete-visant-la-ratp-classee-_54135-6978377_actu.Htm\" target=\"_blank\" rel=\"noopener\">le m\u00e9tro de Paris<\/a>. L\u2019agresseur a \u00e9t\u00e9 interpell\u00e9 en fin d\u2019apr\u00e8s-midi, a d\u00e9clar\u00e9 le parquet \u00e0 l\u2019Agence France-Presse (AFP).<\/p>\n<p>Les agressions ont eu lieu sur la ligne 3, successivement\u00a0aux stations R\u00e9publique, Arts et M\u00e9tiers et Op\u00e9ra, en plein centre de Paris, \u00a0entre 16\u00a0h\u00a015 et 16\u00a0h\u00a045\u00a0, pr\u00e9cise la RATP.<\/p>\n<p>Le suspect identifi\u00e9 gr\u00e2ce aux cam\u00e9ras<\/p>\n<p>Le suspect de 25\u00a0ans a pu \u00eatre identifi\u00e9 \u00a0gr\u00e2ce aux images de vid\u00e9osurveillance\u00a0\u00a0: \u00a0la mise en \u0153uvre de la g\u00e9olocalisation de son t\u00e9l\u00e9phone portable a permis son interpellation en fin d\u2019apr\u00e8s-midi dans le Val-d\u2019Oise\u00a0, ajoute le parquet.\u00a0Il \u00e9tait d\u00e9j\u00e0 connu des services de police pour divers faits dont des atteintes aux biens.<\/p>\n<p>Une enqu\u00eate, confi\u00e9e aux services de la s\u00fbret\u00e9 r\u00e9gionale des transports (SRT), a \u00e9t\u00e9 ouverte pour tentative d\u2019homicide volontaire et violences volontaires avec arme. Selon la pr\u00e9fecture de police de Paris, le suspect a \u00e9t\u00e9 interpell\u00e9 <strong>\u00ab\u00a0\u00e0 18\u00a0h\u00a055 par le service enqu\u00eateur assist\u00e9 des policiers du Val-d\u2019Oise\u00a0\u00bb<\/strong>.<\/p>\n<p>Un journaliste de l\u2019AFP a vu, sur un quai de la ligne 3, \u00e0 la station R\u00e9publique, une femme prise en charge par une \u00e9quipe de s\u00e9curit\u00e9. Elle \u00e9tait bless\u00e9e \u00e0 la jambe et visiblement choqu\u00e9e.<\/p>\n<p>Pas de pronostic vital engag\u00e9 pour les victimes<\/p>\n<p>\u00a0Les victimes ont \u00e9t\u00e9 rapidement prises en charge par les pompiers. La police s\u2019est rendue sur place. Des \u00e9quipes de s\u00e9curit\u00e9 ont \u00e9t\u00e9 d\u00e9ploy\u00e9es en renfort pour s\u00e9curiser la ligne\u00a0, d\u00e9clare la RATP.\u00a0Deux d\u2019entre elles ont \u00e9t\u00e9 transport\u00e9es en service hospitalier depuis le m\u00e9tro, tandis que la troisi\u00e8me s\u2019est pr\u00e9sent\u00e9e elle-m\u00eame \u00e0 l\u2019h\u00f4pital, a indiqu\u00e9 la pr\u00e9fecture de police, qui a pr\u00e9cis\u00e9 que leur pronostic vital n\u2019\u00e9tait pas engag\u00e9.<\/p>\n<p>Le pr\u00e9fet de police de Paris Patrice Faure a <strong>\u00ab\u00a0salu\u00e9 la r\u00e9activit\u00e9 et la mobilisation de ses services pour leur intervention et l\u2019interpellation de l\u2019individu suspect\u00e9 d\u2019\u00eatre l\u2019auteur de ces faits\u00a0\u00bb<\/strong>. <strong>\u00ab\u00a0Des \u00e9quipes de s\u00e9curit\u00e9 ont \u00e9t\u00e9 d\u00e9ploy\u00e9es en renfort pour s\u00e9curiser la ligne\u00a0\u00bb<\/strong> 3, a pr\u00e9cis\u00e9 de son c\u00f4t\u00e9 la RATP.<\/p>\n<p>Le ministre de l\u2019Int\u00e9rieur Laurent Nu\u00f1ez a f\u00e9licit\u00e9 les enqu\u00eateurs et policiers de la police r\u00e9gionale des transports pour l\u2019arrestation, qui a eu lieu, selon lui, <strong>\u00ab\u00a0gr\u00e2ce au r\u00e9seau de cam\u00e9ras de vid\u00e9oprotection et \u00e0 leur connaissance exceptionnelle du terrain\u00a0\u00bb<\/strong>.<\/p>\n<p>\u00a0<\/p>\n","protected":false},"excerpt":{"rendered":"La RATP indique ce vendredi 26\u00a0d\u00e9cembre 2025 que trois femmes ont \u00e9t\u00e9 bless\u00e9es \u00e0 l\u2019arme blanche dans le&hellip;\n","protected":false},"author":2,"featured_media":624156,"comment_status":"","ping_status":"","sticky":false,"template":"","format":"standard","meta":{"footnotes":""},"categories":[1888],"tags":[11,10268,8386,11017,1777,674,4651,1011,27,9817,2047,4047,12,626,25,16022],"class_list":{"0":"post-624155","1":"post","2":"type-post","3":"status-publish","4":"format-standard","5":"has-post-thumbnail","7":"category-paris","8":"tag-actualites","9":"tag-arme","10":"tag-blanche","11":"tag-blessees","12":"tag-eu","13":"tag-europe","14":"tag-femmes","15":"tag-fr","16":"tag-france","17":"tag-interpelle","18":"tag-mans","19":"tag-metro","20":"tag-news","21":"tag-paris","22":"tag-republique-francaise","23":"tag-suspect"},"share_on_mastodon":{"url":"https:\/\/pubeurope.com\/@fr\/115788357511030774","error":""},"_links":{"self":[{"href":"https:\/\/www.europesays.com\/fr\/wp-json\/wp\/v2\/posts\/624155","targetHints":{"allow":["GET"]}}],"collection":[{"href":"https:\/\/www.europesays.com\/fr\/wp-json\/wp\/v2\/posts"}],"about":[{"href":"https:\/\/www.europesays.com\/fr\/wp-json\/wp\/v2\/types\/post"}],"author":[{"embeddable":true,"href":"https:\/\/www.europesays.com\/fr\/wp-json\/wp\/v2\/users\/2"}],"replies":[{"embeddable":true,"href":"https:\/\/www.europesays.com\/fr\/wp-json\/wp\/v2\/comments?post=624155"}],"version-history":[{"count":0,"href":"https:\/\/www.europesays.com\/fr\/wp-json\/wp\/v2\/posts\/624155\/revisions"}],"wp:featuredmedia":[{"embeddable":true,"href":"https:\/\/www.europesays.com\/fr\/wp-json\/wp\/v2\/media\/624156"}],"wp:attachment":[{"href":"https:\/\/www.europesays.com\/fr\/wp-json\/wp\/v2\/media?parent=624155"}],"wp:term":[{"taxonomy":"category","embeddable":true,"href":"https:\/\/www.europesays.com\/fr\/wp-json\/wp\/v2\/categories?post=624155"},{"taxonomy":"post_tag","embeddable":true,"href":"https:\/\/www.europesays.com\/fr\/wp-json\/wp\/v2\/tags?post=624155"}],"curies":[{"name":"wp","href":"https:\/\/api.w.org\/{rel}","templated":true}]}}