{"id":624157,"date":"2025-12-26T23:02:22","date_gmt":"2025-12-26T23:02:22","guid":{"rendered":"https:\/\/www.europesays.com\/fr\/624157\/"},"modified":"2025-12-26T23:02:22","modified_gmt":"2025-12-26T23:02:22","slug":"trois-blessees-le-profil-du-suspect-ce-que-lon-sait-de-lattaque-a-larme-blanche-sur-la-ligne-3-du-metro-parisien","status":"publish","type":"post","link":"https:\/\/www.europesays.com\/fr\/624157\/","title":{"rendered":"Trois bless\u00e9es, le profil du suspect&#8230; Ce que l&rsquo;on sait de l&rsquo;attaque \u00e0 l&rsquo;arme blanche sur la ligne 3 du m\u00e9tro parisien"},"content":{"rendered":"<p class=\"article-p mdl\">Il a sem\u00e9 la peur le long de la ligne 3. Un homme \u00e2g\u00e9 de 25 ans est suspect\u00e9 d&rsquo;avoir\u00a0<a class=\"link\" href=\"https:\/\/www.rtl.fr\/actu\/justice-faits-divers\/trois-femmes-blessees-a-l-arme-blanche-dans-le-metro-parisien-l-agresseur-interpelle-a-sarcelles-7900582723\" title=\"Trois femmes bless\u00e9es \u00e0 l&#039;arme blanche dans le m\u00e9tro parisien, l&#039;agresseur pr\u00e9sum\u00e9 interpell\u00e9 \u00e0 Sarcelles\" target=\"_blank\" rel=\"noopener\">attaqu\u00e9 trois femmes diff\u00e9rentes avec une arme blanche<\/a>\u00a0dans le m\u00e9tro parisien avant de prendre la fuite et d&rsquo;\u00eatre finalement interpell\u00e9, ce vendredi 26 d\u00e9cembre.<\/p>\n<p class=\"article-p mdl\">Survenues peu apr\u00e8s 16 heures, les agressions ont eu lieu successivement aux stations Arts-et-M\u00e9tiers, R\u00e9publique et Op\u00e9ra, en plein centre de la capitale, selon la pr\u00e9fecture de police de Paris. D&rsquo;apr\u00e8s cette m\u00eame source, les faits ont d\u00e9but\u00e9 vers 16h10, quand la RATP parle de trois attaques \u00ab\u00a0entre 16h15 et 16h45\u00a0\u00bb.<\/p>\n<p class=\"article-p mdl\">Peu apr\u00e8s 17 heures, le compte X de la ligne 3 du m\u00e9tro parisien signalait que l&rsquo;arr\u00eat n&rsquo;\u00e9tait plus desservi \u00e0 R\u00e9publique, \u00ab\u00a0en raison de l&rsquo;intervention des forces de l&rsquo;ordre\u00a0\u00bb. Et ce, avant que le trafic ne reprenne normalement une heure et demie plus tard.<\/p>\n<p>            Trois victimes bless\u00e9es l\u00e9g\u00e8rement<\/p>\n<p class=\"article-p mdl\">\u00ab\u00a0Un homme a agress\u00e9 une femme, sans raison apparente, au moyen d\u2019une arme blanche, en visant son dos. Il a ensuite pris la fuite. Quelques minutes plus tard, l\u2019individu s\u2019en est pris \u00e0 une seconde femme, au niveau des jambes.\u00a0\u00c0 16h45, une autre femme a \u00e9t\u00e9 bless\u00e9e au dos\u00a0\u00bb, retrace le minist\u00e8re de l&rsquo;Int\u00e9rieur dans un communiqu\u00e9.<\/p>\n<p class=\"article-p mdl\">Apr\u00e8s une intervention rapide des secours, les deux premi\u00e8res \u00ab\u00a0victimes ont \u00e9t\u00e9 prises en charge et transport\u00e9es en milieu hospitalier sans pronostic vital engag\u00e9\u00a0\u00bb, dixit la pr\u00e9fecture. Il s&rsquo;agit de celles prises pour cible \u00e0 Arts-et-M\u00e9tiers puis R\u00e9publique.<\/p>\n<p class=\"article-p mdl\">Un journaliste de l&rsquo;AFP a vu sur un quai de la station R\u00e9publique une femme prise en charge par une \u00e9quipe de s\u00e9curit\u00e9. Elle \u00e9tait bless\u00e9e \u00e0 la jambe et visiblement choqu\u00e9e.<\/p>\n<p class=\"article-p mdl\">La troisi\u00e8me femme, dont le pronostic vital n&rsquo;\u00e9tait pas non plus engag\u00e9, s&rsquo;est pr\u00e9sent\u00e9e d&rsquo;elle-m\u00eame dans un \u00e9tablissement hospitalier, pr\u00e9cise la pr\u00e9fecture.<\/p>\n<p>            Une interpellation \u00e0 Sarcelles moins de trois heures apr\u00e8s les faits<\/p>\n<p class=\"article-p mdl\">\u00ab\u00a0L\u2019exploitation des images de vid\u00e9oprotection et l\u2019analyse du signalement donn\u00e9 a permis d\u2019aboutir \u00e0 l\u2019identification du mis en cause par les policiers de la s\u00fbret\u00e9 r\u00e9gionale des transports de la pr\u00e9fecture de police\u00a0\u00bb, poursuit le minist\u00e8re de l&rsquo;Int\u00e9rieur.<\/p>\n<p>L\u2019auteur pr\u00e9sum\u00e9 a pu \u00eatre interpell\u00e9 \u00ab\u00a0sans incident\u00a0\u00bb \u00e0 18h40 et plac\u00e9 en garde \u00e0 vue, \u00e9nonce encore la place Beauvau. Selon la pr\u00e9fecture de police de Paris, un suspect a \u00e9t\u00e9 interpell\u00e9 \u00ab\u00a0\u00e0 18h55 par le service enqu\u00eateur assist\u00e9 des policiers du Val-d&rsquo;Oise\u00a0\u00bb.<\/p>\n<p>Plus pr\u00e9cis\u00e9ment \u00e0 Sarcelles, d&rsquo;apr\u00e8s les informations de RTL confirm\u00e9es ensuite par les diff\u00e9rentes autorit\u00e9s. \u00ab\u00a0La mise en \u0153uvre de la g\u00e9olocalisation de son t\u00e9l\u00e9phone portable\u00a0\u00bb a permis son interpellation, ajoute \u00e9galement le parquet de Paris, selon qui les\u00a0investigations se poursuivent.<\/p>\n<blockquote class=\"twitter-tweet\">\n<p lang=\"fr\" dir=\"ltr\">Je f\u00e9licite les enqu\u00eateurs et policiers de la police r\u00e9gionale des transports de la <a href=\"https:\/\/twitter.com\/prefpolice?ref_src=twsrc%5Etfw\" target=\"_blank\" rel=\"noopener\">@prefpolice<\/a> qui ont identifi\u00e9 puis interpell\u00e9 avec les policiers du <a href=\"https:\/\/twitter.com\/hashtag\/ValdOise?src=hash&amp;ref_src=twsrc%5Etfw\" target=\"_blank\" rel=\"noopener\">#ValdOise<\/a> l\u2019auteur pr\u00e9sum\u00e9 des violences avec arme blanche commises dans le m\u00e9tro parisien cet apr\u00e8s-midi, notamment gr\u00e2ce au\u2026 <a href=\"https:\/\/t.co\/S5Fr9m8SNF\">https:\/\/t.co\/S5Fr9m8SNF<\/a><\/p>\n<p>\u2014 Laurent Nu\u00f1ez (@NunezLaurent) <a href=\"https:\/\/twitter.com\/NunezLaurent\/status\/2004629774967218586?ref_src=twsrc%5Etfw\" target=\"_blank\" rel=\"noopener\">December 26, 2025<\/a><\/p><\/blockquote>\n<p class=\"article-p mdl\">\u00ab\u00a0Je f\u00e9licite les enqu\u00eateurs et policiers de la police r\u00e9gionale des transports de la pr\u00e9fecture de police de Paris, qui ont identifi\u00e9 puis interpell\u00e9 avec les policiers du Val-d&rsquo;Oise l\u2019auteur pr\u00e9sum\u00e9 des violences avec arme blanche commises dans le m\u00e9tro parisien cet apr\u00e8s-midi, notamment gr\u00e2ce au r\u00e9seau de cam\u00e9ras de vid\u00e9oprotection et \u00e0 leur connaissance exceptionnelle du terrain\u00a0\u00bb, a r\u00e9agi le ministre de l&rsquo;Int\u00e9rieur Laurent Nu\u00f1ez sur X.<\/p>\n<p>\u00ab\u00a0Le pr\u00e9fet de police salue la r\u00e9activit\u00e9 et la mobilisation de ses services pour leur intervention et l&rsquo;interpellation de l&rsquo;individu suspect\u00e9 d&rsquo;\u00eatre l&rsquo;auteur de ces faits\u00a0\u00bb, dit de son c\u00f4t\u00e9 la pr\u00e9fecture.\u00a0<\/p>\n<p>    Un jeune homme de 25 ans au profil de toxicomane<\/p>\n<p class=\"article-p mdl\">Les services de la s\u00fbret\u00e9 r\u00e9gionale des transports (SRT) ont \u00ab\u00a0identifi\u00e9 un individu n\u00e9 en 2000, connu des services de police pour divers faits dont des faits d\u2019atteinte aux biens\u00a0\u00bb, a indiqu\u00e9 le parquet de Paris.<\/p>\n<p>D&rsquo;apr\u00e8s nos informations, cet homme de 25 ans pr\u00e9sente le profil d&rsquo;un toxicomane. \u00c0 ce stade, la piste terroriste est \u00e9cart\u00e9e.<\/p>\n<p>\u00ab\u00a0De nationalit\u00e9 malienne, en situation irr\u00e9guli\u00e8re sur le territoire national, cet individu, d\u00e9j\u00e0 connu pour destruction de biens sous l\u2019emprise de stup\u00e9fiants, a \u00e9t\u00e9 \u00e9crou\u00e9 en janvier 2024 pour vol aggrav\u00e9 et agression sexuelle apr\u00e8s avoir \u00e9t\u00e9 condamn\u00e9 p\u00e9nalement\u00a0\u00bb, pr\u00e9cise le minist\u00e8re de l&rsquo;Int\u00e9rieur.<\/p>\n<p>\u00ab\u00a0Lib\u00e9r\u00e9 en juillet 2025, eu \u00e9gard \u00e0 sa situation administrative, il a fait l\u2019objet d\u2019une obligation de quitter le territoire fran\u00e7ais et a \u00e9t\u00e9 plac\u00e9 en centre de r\u00e9tention administrative. L\u2019\u00e9loignement n\u2019ayant pu aboutir dans le d\u00e9lai l\u00e9gal des quatre-vingt-dix jours, faute d\u2019obtention d\u2019un laisser-passer consulaire en l\u2019absence de titre d\u2019identit\u00e9 valide, il a \u00e9t\u00e9 lib\u00e9r\u00e9 avec assignation \u00e0 r\u00e9sidence. Il \u00e9tait actuellement sous mandat de recherche\u00a0\u00bb, affirme cette m\u00eame source, rappelant qu&rsquo;il reste pr\u00e9sum\u00e9 innocent.<\/p>\n<p>    Une enqu\u00eate pour tentative d&rsquo;homicide volontaire et violences volontaires avec arme<\/p>\n<p class=\"article-p mdl\">L&rsquo;enqu\u00eate, confi\u00e9e aux services de la s\u00fbret\u00e9 r\u00e9gionale des transports (SRT), a \u00e9t\u00e9 ouverte pour tentative d&rsquo;homicide volontaire et violences volontaires avec arme.<\/p>\n<p>\u00ab\u00a0Les investigations se poursuivent afin d\u2019\u00e9tablir les circonstances exactes et motivations de ces agressions\u00a0\u00bb, a comment\u00e9 le ministre des Transports Philippe Tabarot sur les r\u00e9seaux sociaux.<\/p>\n<blockquote class=\"twitter-tweet\">\n<p lang=\"fr\" dir=\"ltr\">Ce vendredi en fin d\u2019apr\u00e8s-midi, un agresseur a bless\u00e9 \u00e0 l&rsquo;arme blanche trois voyageuses sur la ligne 3 du m\u00e9tro parisien. <\/p>\n<p>Les victimes ont \u00e9t\u00e9 rapidement prises en charge par les services de secours. L\u2019auteur des faits a \u00e9t\u00e9 interpell\u00e9 par les forces de police. <\/p>\n<p>Les\u2026<\/p>\n<p>\u2014 Philippe Tabarot (@PhilippeTabarot) <a href=\"https:\/\/twitter.com\/PhilippeTabarot\/status\/2004623140698415221?ref_src=twsrc%5Etfw\" target=\"_blank\" rel=\"noopener\">December 26, 2025<\/a><\/p><\/blockquote>\n<p class=\"article-p mdl\">\u00ab\u00a0Des \u00e9quipes de s\u00e9curit\u00e9 ont \u00e9t\u00e9 d\u00e9ploy\u00e9es en renfort pour s\u00e9curiser la ligne\u00a0\u00bb reliant Levallois \u00e0 Bagnolet, a pr\u00e9cis\u00e9 de son c\u00f4t\u00e9 la RATP.<\/p>\n<p>    La r\u00e9daction vous recommande<\/p>\n<p class=\"s-newsletter__title\">\n                L\u2019actualit\u00e9 par la r\u00e9daction de RTL dans votre bo\u00eete mail.\n            <\/p>\n<p class=\"s-newsletter__subtitle\">\n                Gr\u00e2ce \u00e0 votre compte RTL abonnez-vous \u00e0 la newsletter RTL info pour suivre toute l&rsquo;actualit\u00e9 au quotidien\n            <\/p>\n<p>\n                                    Lire la suite\n                                <\/p>\n<p>                            <script async src=\"https:\/\/platform.twitter.com\/widgets.js\" charset=\"utf-8\"><\/script><\/p>\n","protected":false},"excerpt":{"rendered":"Il a sem\u00e9 la peur le long de la ligne 3. Un homme \u00e2g\u00e9 de 25 ans est&hellip;\n","protected":false},"author":2,"featured_media":624158,"comment_status":"","ping_status":"","sticky":false,"template":"","format":"standard","meta":{"footnotes":""},"categories":[1888],"tags":[11,1777,674,118,107,1011,27,4047,12,626,25],"class_list":{"0":"post-624157","1":"post","2":"type-post","3":"status-publish","4":"format-standard","5":"has-post-thumbnail","7":"category-paris","8":"tag-actualites","9":"tag-eu","10":"tag-europe","11":"tag-faits-divers","12":"tag-fil-info","13":"tag-fr","14":"tag-france","15":"tag-metro","16":"tag-news","17":"tag-paris","18":"tag-republique-francaise"},"share_on_mastodon":{"url":"https:\/\/pubeurope.com\/@fr\/115788365534928287","error":""},"_links":{"self":[{"href":"https:\/\/www.europesays.com\/fr\/wp-json\/wp\/v2\/posts\/624157","targetHints":{"allow":["GET"]}}],"collection":[{"href":"https:\/\/www.europesays.com\/fr\/wp-json\/wp\/v2\/posts"}],"about":[{"href":"https:\/\/www.europesays.com\/fr\/wp-json\/wp\/v2\/types\/post"}],"author":[{"embeddable":true,"href":"https:\/\/www.europesays.com\/fr\/wp-json\/wp\/v2\/users\/2"}],"replies":[{"embeddable":true,"href":"https:\/\/www.europesays.com\/fr\/wp-json\/wp\/v2\/comments?post=624157"}],"version-history":[{"count":0,"href":"https:\/\/www.europesays.com\/fr\/wp-json\/wp\/v2\/posts\/624157\/revisions"}],"wp:featuredmedia":[{"embeddable":true,"href":"https:\/\/www.europesays.com\/fr\/wp-json\/wp\/v2\/media\/624158"}],"wp:attachment":[{"href":"https:\/\/www.europesays.com\/fr\/wp-json\/wp\/v2\/media?parent=624157"}],"wp:term":[{"taxonomy":"category","embeddable":true,"href":"https:\/\/www.europesays.com\/fr\/wp-json\/wp\/v2\/categories?post=624157"},{"taxonomy":"post_tag","embeddable":true,"href":"https:\/\/www.europesays.com\/fr\/wp-json\/wp\/v2\/tags?post=624157"}],"curies":[{"name":"wp","href":"https:\/\/api.w.org\/{rel}","templated":true}]}}