{"id":624165,"date":"2025-12-26T23:07:24","date_gmt":"2025-12-26T23:07:24","guid":{"rendered":"https:\/\/www.europesays.com\/fr\/624165\/"},"modified":"2025-12-26T23:07:24","modified_gmt":"2025-12-26T23:07:24","slug":"le-royaume-uni-va-debloquer-pres-dun-milliard-deuros-pour-se-faire-preter-la-tapisserie-de-bayeux","status":"publish","type":"post","link":"https:\/\/www.europesays.com\/fr\/624165\/","title":{"rendered":"Le Royaume-Uni va d\u00e9bloquer pr\u00e8s d&rsquo;un milliard d&rsquo;euros pour se faire pr\u00eater la tapisserie de Bayeux"},"content":{"rendered":"<p class=\"article-p mdl\">Un pr\u00eat qui co\u00fbte cher. Le Tr\u00e9sor britannique a confirm\u00e9 l&rsquo;information du\u00a0<a class=\"link\" href=\"https:\/\/www.ft.com\/content\/ec9ac8eb-adce-43b1-914d-c2a7a381bf0d\" target=\"_blank\" rel=\"noopener\">Financial Times<\/a>\u00a0: pour assurer le transport de la tapisserie de Bayeux depuis la France et l&rsquo;exposer au British Museum, le Royaume-Uni va devoir fournir une garantie estim\u00e9e \u00e0 800 millions de livres sterling, soit 917 millions d&rsquo;euros.<\/p>\n<p class=\"article-p mdl\">Cette garantie doit couvrir le transport de Bayeux vers l&rsquo;Angleterre, ainsi que toute la p\u00e9riode de l&rsquo;exposition du chef-d&rsquo;\u0153uvre outre-Manche, qui doit durer un an. Ce montant, fix\u00e9 \u00e0 la suite d&rsquo;une estimation, doit d\u00e9sormais \u00eatre valid\u00e9 par le minist\u00e8re des Finances britannique, comme le rapporte\u00a0<a class=\"link\" href=\"https:\/\/france3-regions.franceinfo.fr\/normandie\/calvados\/bayeux\/tapisserie-de-bayeux-le-gouvernement-britannique-devra-debloquer-917-millions-d-euros-pour-assurer-son-transport-3272693.html\" target=\"_blank\" rel=\"noopener\">France 3 Normandie<\/a>.<\/p>\n<p class=\"article-p mdl\">Le d\u00e9blocage de cette garantie sera assur\u00e9 par un dispositif gouvernemental et non par un organisme priv\u00e9, afin de garantir des modalit\u00e9s financi\u00e8res plus avantageuses qu&rsquo;en passant par des assureurs classiques.<\/p>\n<p>            Un transfert critiqu\u00e9<\/p>\n<p class=\"article-p mdl\">Le transfert de la tapisserie de Bayeux fait l&rsquo;objet de nombreuses critiques, notamment dans le milieu de l&rsquo;art. Longue de 70 m\u00e8tres et haute de 50 centim\u00e8tres, la broderie tr\u00e8s fragile et son d\u00e9placement, souhait\u00e9 par Emmanuel Macron dans le cadre des \u00e9changes culturels avec le Royaume-Uni, inqui\u00e8te certains sp\u00e9cialistes.<\/p>\n<p class=\"article-p mdl\">Depuis 2020, des experts ont minutieusement radiographi\u00e9 les d\u00e9gradations qui fragilisent la tapisserie (24.204 taches, 9.646 trous, 30 d\u00e9chirures\u2026) et alert\u00e9 sur les\u00a0\u00ab\u00a0risques suppl\u00e9mentaires\u00a0\u00bb\u00a0que ferait courir son transport\u00a0\u00ab\u00a0au-del\u00e0 d\u2019une heure de trajet\u00a0\u00bb, selon\u00a0<a class=\"link\" href=\"https:\/\/www.lemonde.fr\/culture\/article\/2025\/09\/19\/la-tapisserie-de-bayeux-a-ete-deplacee-en-toute-discretion-avant-son-pret-au-royaume-uni_6641923_3246.html\" target=\"_blank\" rel=\"noopener\">Le Monde<\/a>\u00a0citant l&rsquo;AFP.<\/p>\n<p class=\"article-p mdl\">D\u00e9croch\u00e9e en septembre 2025, l&rsquo;\u0153uvre a \u00e9t\u00e9 mise en caisse puis plac\u00e9e \u00e0 l&rsquo;abri. Son exposition \u00e0 Londres n&rsquo;est pr\u00e9vue que pour 2026. En revanche, les modalit\u00e9s entourant son transport jusqu&rsquo;au British Museum n&rsquo;ont pour l&rsquo;heure pas \u00e9t\u00e9 divulgu\u00e9es.<\/p>\n<p>    La r\u00e9daction vous recommande<\/p>\n<p class=\"s-newsletter__title\">\n                L\u2019actualit\u00e9 par la r\u00e9daction de RTL dans votre bo\u00eete mail.\n            <\/p>\n<p class=\"s-newsletter__subtitle\">\n                Gr\u00e2ce \u00e0 votre compte RTL abonnez-vous \u00e0 la newsletter RTL info pour suivre toute l&rsquo;actualit\u00e9 au quotidien\n            <\/p>\n<p>\n                                    Lire la suite\n                                <\/p>\n","protected":false},"excerpt":{"rendered":"Un pr\u00eat qui co\u00fbte cher. Le Tr\u00e9sor britannique a confirm\u00e9 l&rsquo;information du\u00a0Financial Times\u00a0: pour assurer le transport de&hellip;\n","protected":false},"author":2,"featured_media":624166,"comment_status":"","ping_status":"","sticky":false,"template":"","format":"standard","meta":{"footnotes":""},"categories":[1588],"tags":[11,3734,1777,674,107,12,473,1853,1851,1850,1852],"class_list":{"0":"post-624165","1":"post","2":"type-post","3":"status-publish","4":"format-standard","5":"has-post-thumbnail","7":"category-royaume-uni","8":"tag-actualites","9":"tag-art","10":"tag-eu","11":"tag-europe","12":"tag-fil-info","13":"tag-news","14":"tag-royaume-uni","15":"tag-royaume-uni-de-grande-bretagne-et-dirlande-du-nord","16":"tag-uk","17":"tag-united-kingdom","18":"tag-united-kingdom-of-great-britain-and-northern-ireland"},"share_on_mastodon":{"url":"https:\/\/pubeurope.com\/@fr\/115788385046105607","error":""},"_links":{"self":[{"href":"https:\/\/www.europesays.com\/fr\/wp-json\/wp\/v2\/posts\/624165","targetHints":{"allow":["GET"]}}],"collection":[{"href":"https:\/\/www.europesays.com\/fr\/wp-json\/wp\/v2\/posts"}],"about":[{"href":"https:\/\/www.europesays.com\/fr\/wp-json\/wp\/v2\/types\/post"}],"author":[{"embeddable":true,"href":"https:\/\/www.europesays.com\/fr\/wp-json\/wp\/v2\/users\/2"}],"replies":[{"embeddable":true,"href":"https:\/\/www.europesays.com\/fr\/wp-json\/wp\/v2\/comments?post=624165"}],"version-history":[{"count":0,"href":"https:\/\/www.europesays.com\/fr\/wp-json\/wp\/v2\/posts\/624165\/revisions"}],"wp:featuredmedia":[{"embeddable":true,"href":"https:\/\/www.europesays.com\/fr\/wp-json\/wp\/v2\/media\/624166"}],"wp:attachment":[{"href":"https:\/\/www.europesays.com\/fr\/wp-json\/wp\/v2\/media?parent=624165"}],"wp:term":[{"taxonomy":"category","embeddable":true,"href":"https:\/\/www.europesays.com\/fr\/wp-json\/wp\/v2\/categories?post=624165"},{"taxonomy":"post_tag","embeddable":true,"href":"https:\/\/www.europesays.com\/fr\/wp-json\/wp\/v2\/tags?post=624165"}],"curies":[{"name":"wp","href":"https:\/\/api.w.org\/{rel}","templated":true}]}}