{"id":624171,"date":"2025-12-26T23:13:18","date_gmt":"2025-12-26T23:13:18","guid":{"rendered":"https:\/\/www.europesays.com\/fr\/624171\/"},"modified":"2025-12-26T23:13:18","modified_gmt":"2025-12-26T23:13:18","slug":"apres-19-ans-dans-lunion-europeenne-la-bulgarie-passe-a-leuro","status":"publish","type":"post","link":"https:\/\/www.europesays.com\/fr\/624171\/","title":{"rendered":"Apr\u00e8s 19 ans dans l\u2019Union europ\u00e9enne, la Bulgarie passe \u00e0 l\u2019euro"},"content":{"rendered":"<p class=\"p1\">La <a href=\"https:\/\/www.valeursactuelles.com\/clubvaleurs\/economie\/euro-numerique-la-liberte-ne-se-monnaye-pas\" target=\"_blank\" rel=\"noopener\">zone euro<\/a> va bient\u00f4t compter un nouveau pays membre. Dix-neuf ans apr\u00e8s son entr\u00e9e dans l\u2019Union europ\u00e9enne, <a href=\"https:\/\/www.valeursactuelles.com\/monde\/bulgarie-un-homme-declare-mort-depuis-2013-vivait-en-ermite-dans-la-montagne-depuis-17-ans\" target=\"_blank\" rel=\"noopener\">la Bulgarie<\/a> adoptera officiellement l\u2019euro le 1\u1d49\u02b3 janvier 2026, mettant fin \u00e0 l\u2019usage du lev, sa monnaie nationale depuis 1885. La d\u00e9cision a \u00e9t\u00e9 ent\u00e9rin\u00e9e \u00e0 l\u2019\u00e9t\u00e9 2025, apr\u00e8s un avis favorable de la <a href=\"https:\/\/www.valeursactuelles.com\/clubvaleurs\/societe\/vers-le-viol-systematique-du-secret-de-la-correspondance\" target=\"_blank\" rel=\"noopener\">Commission europ\u00e9enne<\/a> qui a estim\u00e9 que Sofia remplissait les crit\u00e8res \u00e9conomiques requis pour rejoindre la zone euro.<\/p>\n<p><a href=\"https:\/\/www.valeursactuelles.com\/clubvaleurs\/economie\/derriere-le-chaos-politique-le-spectre-dune-crise-de-la-zone-euro\" class=\"h-flex h-align-items-center h-border-tb h-ptb-15\" target=\"_blank\" rel=\"noopener\">A\u00a0LIRE\u00a0Derri\u00e8re le chaos politique, le spectre d\u2019une crise de la zone euro<\/a><\/p>\n<p class=\"p1\">Avec cette transition, la Bulgarie deviendra le 21\u1d49 \u00c9tat membre de la zone euro, trois ans apr\u00e8s la Croatie. Pays de 6,5 millions d\u2019habitants, situ\u00e9 entre la mer Noire et la Gr\u00e8ce, il se distingue par un co\u00fbt de la vie relativement bas, un argument important pour l\u2019activit\u00e9 touristique. L\u2019abandon du lev supprimera la n\u00e9cessit\u00e9 de changer de devise, que ce soit \u00e0 Sofia, \u00e0 Plovdiv ou dans les stations baln\u00e9aires de la c\u00f4te de la mer Noire.<\/p>\n<p>Un atout pour les voyageurs, des craintes sur les prix<\/p>\n<p class=\"p1\">Pour les touristes, l\u2019adoption de l\u2019euro repr\u00e9sente un avantage \u00e9vident : paiements simplifi\u00e9s, meilleure lisibilit\u00e9 des prix et disparition des frais de change. La Bulgarie esp\u00e8re ainsi renforcer son attractivit\u00e9, notamment aupr\u00e8s des voyageurs europ\u00e9ens en qu\u00eate de destinations abordables.<\/p>\n<p><a href=\"https:\/\/www.valeursactuelles.com\/clubvaleurs\/economie\/la-france-au-club-med\" class=\"h-flex h-align-items-center h-border-tb h-ptb-15\" target=\"_blank\" rel=\"noopener\">A\u00a0LIRE\u00a0Dette, d\u00e9ficit et notation : Pourquoi la France est le nouveau maillon faible de la zone euro<\/a><\/p>\n<p class=\"p1\">Sur le plan int\u00e9rieur, la nouvelle monnaie suscite davantage de r\u00e9serve. Une partie de la population redoute une hausse des prix, \u00e0 l\u2019image de celle observ\u00e9e en Croatie apr\u00e8s le passage \u00e0 l\u2019euro. Ces inqui\u00e9tudes sont d\u2019autant plus vives que la Bulgarie reste l\u2019un des pays les plus pauvres de l\u2019Union europ\u00e9enne. Elles s\u2019expriment dans un contexte politique fragile, marqu\u00e9 r\u00e9cemment par la d\u00e9mission du gouvernement \u00e0 la suite de manifestations d\u00e9non\u00e7ant la corruption.<\/p>\n<p>La zone euro a \u00e9t\u00e9 cr\u00e9\u00e9e en 1999 par 11 des 15 pays que l\u2019UE comptait alors, rejoints par la Gr\u00e8ce en 2001, la Slov\u00e9nie en 2007, Chypre et Malte en 2008, la Slovaquie en 2009, l\u2019Estonie en 2011, la Lettonie en 2014, la Lituanie en 2015 et la Croatie en 2023. La Su\u00e8de et le Danemark ont d\u00e9cid\u00e9 lors de r\u00e9f\u00e9rendums qu\u2019ils n\u2019adopteraient pas la monnaie unique.<\/p>\n","protected":false},"excerpt":{"rendered":"La zone euro va bient\u00f4t compter un nouveau pays membre. Dix-neuf ans apr\u00e8s son entr\u00e9e dans l\u2019Union europ\u00e9enne,&hellip;\n","protected":false},"author":2,"featured_media":624172,"comment_status":"","ping_status":"","sticky":false,"template":"","format":"standard","meta":{"footnotes":""},"categories":[1586],"tags":[11,18848,1777,674,1779,1011,27,26439,12,25,1778,364,8408],"class_list":{"0":"post-624171","1":"post","2":"type-post","3":"status-publish","4":"format-standard","5":"has-post-thumbnail","7":"category-europe","8":"tag-actualites","9":"tag-bulgares","10":"tag-eu","11":"tag-europe","12":"tag-european-union","13":"tag-fr","14":"tag-france","15":"tag-monnaie","16":"tag-news","17":"tag-republique-francaise","18":"tag-ue","19":"tag-union-europeenne","20":"tag-zone-euro"},"share_on_mastodon":{"url":"https:\/\/pubeurope.com\/@fr\/115788408829643095","error":""},"_links":{"self":[{"href":"https:\/\/www.europesays.com\/fr\/wp-json\/wp\/v2\/posts\/624171","targetHints":{"allow":["GET"]}}],"collection":[{"href":"https:\/\/www.europesays.com\/fr\/wp-json\/wp\/v2\/posts"}],"about":[{"href":"https:\/\/www.europesays.com\/fr\/wp-json\/wp\/v2\/types\/post"}],"author":[{"embeddable":true,"href":"https:\/\/www.europesays.com\/fr\/wp-json\/wp\/v2\/users\/2"}],"replies":[{"embeddable":true,"href":"https:\/\/www.europesays.com\/fr\/wp-json\/wp\/v2\/comments?post=624171"}],"version-history":[{"count":0,"href":"https:\/\/www.europesays.com\/fr\/wp-json\/wp\/v2\/posts\/624171\/revisions"}],"wp:featuredmedia":[{"embeddable":true,"href":"https:\/\/www.europesays.com\/fr\/wp-json\/wp\/v2\/media\/624172"}],"wp:attachment":[{"href":"https:\/\/www.europesays.com\/fr\/wp-json\/wp\/v2\/media?parent=624171"}],"wp:term":[{"taxonomy":"category","embeddable":true,"href":"https:\/\/www.europesays.com\/fr\/wp-json\/wp\/v2\/categories?post=624171"},{"taxonomy":"post_tag","embeddable":true,"href":"https:\/\/www.europesays.com\/fr\/wp-json\/wp\/v2\/tags?post=624171"}],"curies":[{"name":"wp","href":"https:\/\/api.w.org\/{rel}","templated":true}]}}