{"id":624189,"date":"2025-12-26T23:28:23","date_gmt":"2025-12-26T23:28:23","guid":{"rendered":"https:\/\/www.europesays.com\/fr\/624189\/"},"modified":"2025-12-26T23:28:23","modified_gmt":"2025-12-26T23:28:23","slug":"dijon-comment-sont-conservees-les-oeuvres-du-musee-des-beaux-arts-une-visite-gratuite-pour-le-decouvrir","status":"publish","type":"post","link":"https:\/\/www.europesays.com\/fr\/624189\/","title":{"rendered":"Dijon. Comment sont conserv\u00e9es les \u0153uvres du mus\u00e9e des Beaux-Arts\u00a0? Une visite gratuite pour le d\u00e9couvrir"},"content":{"rendered":"<p>\u00c0 l\u2019occasion des journ\u00e9es \u00ab\u00a0Citoyens et curieux\u00a0\u00bb programm\u00e9es chaque troisi\u00e8me samedi du mois par Dijon M\u00e9tropole, c\u2019est le mus\u00e9e des Beaux-Arts de Dijon qui sera \u00e0 l\u2019honneur samedi 31\u00a0janvier de 9 heures \u00e0 12 heures.<\/p>\n<p>La r\u00e9novation du mus\u00e9e des Beaux-Arts a permis la mise en place, au sein m\u00eame de ce monument class\u00e9, d\u2019un syst\u00e8me de gestion des temp\u00e9ratures li\u00e9es aux variations climatiques. Vous pourrez, lors de cette visite gratuite, d\u00e9couvrir le fonctionnement du dispositif facilitant la bonne conservation des \u0153uvres.<\/p>\n<p class=\"note\">Mus\u00e9e des Beaux-Arts, Place de la Sainte-Chapelle \u00e0 Dijon.\u00a0Pensez \u00e0 vous inscrire d\u00e8s \u00e0 pr\u00e9sent sur le site https:\/\/my.weezevent.com\/visite4-le-musee-des-beaux-arts-31-janvier-2026. Plusieurs cr\u00e9neaux sont disponibles de 9 heures \u00e0 12 heures.<\/p>\n","protected":false},"excerpt":{"rendered":"\u00c0 l\u2019occasion des journ\u00e9es \u00ab\u00a0Citoyens et curieux\u00a0\u00bb programm\u00e9es chaque troisi\u00e8me samedi du mois par Dijon M\u00e9tropole, c\u2019est le&hellip;\n","protected":false},"author":2,"featured_media":624190,"comment_status":"","ping_status":"","sticky":false,"template":"","format":"standard","meta":{"footnotes":""},"categories":[1358],"tags":[1348,1384,1385,1687,1386,2930,8587,58,8588,59,436,2271,107,1011,27,2661,104],"class_list":{"0":"post-624189","1":"post","2":"type-post","3":"status-publish","4":"format-standard","5":"has-post-thumbnail","7":"category-arts-et-design","8":"tag-arts","9":"tag-arts-and-design","10":"tag-arts-et-design","11":"tag-culture-loisirs","12":"tag-design","13":"tag-dijon","14":"tag-dijon-ville","15":"tag-divertissement","16":"tag-edition-dijon-et-son-agglomeration","17":"tag-entertainment","18":"tag-environnement","19":"tag-exposition-arts-plastiques","20":"tag-fil-info","21":"tag-fr","22":"tag-france","23":"tag-patrimoine-culturel","24":"tag-societe"},"share_on_mastodon":{"url":"https:\/\/pubeurope.com\/@fr\/115788467579913096","error":""},"_links":{"self":[{"href":"https:\/\/www.europesays.com\/fr\/wp-json\/wp\/v2\/posts\/624189","targetHints":{"allow":["GET"]}}],"collection":[{"href":"https:\/\/www.europesays.com\/fr\/wp-json\/wp\/v2\/posts"}],"about":[{"href":"https:\/\/www.europesays.com\/fr\/wp-json\/wp\/v2\/types\/post"}],"author":[{"embeddable":true,"href":"https:\/\/www.europesays.com\/fr\/wp-json\/wp\/v2\/users\/2"}],"replies":[{"embeddable":true,"href":"https:\/\/www.europesays.com\/fr\/wp-json\/wp\/v2\/comments?post=624189"}],"version-history":[{"count":0,"href":"https:\/\/www.europesays.com\/fr\/wp-json\/wp\/v2\/posts\/624189\/revisions"}],"wp:featuredmedia":[{"embeddable":true,"href":"https:\/\/www.europesays.com\/fr\/wp-json\/wp\/v2\/media\/624190"}],"wp:attachment":[{"href":"https:\/\/www.europesays.com\/fr\/wp-json\/wp\/v2\/media?parent=624189"}],"wp:term":[{"taxonomy":"category","embeddable":true,"href":"https:\/\/www.europesays.com\/fr\/wp-json\/wp\/v2\/categories?post=624189"},{"taxonomy":"post_tag","embeddable":true,"href":"https:\/\/www.europesays.com\/fr\/wp-json\/wp\/v2\/tags?post=624189"}],"curies":[{"name":"wp","href":"https:\/\/api.w.org\/{rel}","templated":true}]}}