{"id":624191,"date":"2025-12-26T23:30:18","date_gmt":"2025-12-26T23:30:18","guid":{"rendered":"https:\/\/www.europesays.com\/fr\/624191\/"},"modified":"2025-12-26T23:30:18","modified_gmt":"2025-12-26T23:30:18","slug":"la-meilleure-chorale-de-france-2025-en-replay-le-grand-concours-des-regions-2","status":"publish","type":"post","link":"https:\/\/www.europesays.com\/fr\/624191\/","title":{"rendered":"La meilleure chorale de France 2025 en replay &#8211; Le grand concours des r\u00e9gions"},"content":{"rendered":"<p>Diffus\u00e9 le 26\/12\/2025 \u00e0 21h10 &#8211; Disponible jusqu&rsquo;au 20\/09\/2026<\/p>\n<p>Laurent Luyat et Magali Ripoll pr\u00e9sentent la 2e partie de cette soir\u00e9e festive en compagnie des jur\u00e9s Vincent Niclo, Adeline Toniutti, Nicoletta et Chim\u00e8ne Badi. C&rsquo;est l&rsquo;heure de la grande finale de la comp\u00e9tition. Parmi 14 chorales de 14 styles diff\u00e9rents venues de toute la France, une seule r\u00e9gion repartira avec le troph\u00e9e tant convoit\u00e9. Qui remportera cette ann\u00e9e le titre de Meilleure Chorale de France 2025 ?<\/p>\n","protected":false},"excerpt":{"rendered":"Diffus\u00e9 le 26\/12\/2025 \u00e0 21h10 &#8211; Disponible jusqu&rsquo;au 20\/09\/2026 Laurent Luyat et Magali Ripoll pr\u00e9sentent la 2e partie&hellip;\n","protected":false},"author":2,"featured_media":624192,"comment_status":"","ping_status":"","sticky":false,"template":"","format":"standard","meta":{"footnotes":""},"categories":[1356],"tags":[58,59,1011,27,252,1364],"class_list":{"0":"post-624191","1":"post","2":"type-post","3":"status-publish","4":"format-standard","5":"has-post-thumbnail","7":"category-television","8":"tag-divertissement","9":"tag-entertainment","10":"tag-fr","11":"tag-france","12":"tag-television","13":"tag-tv"},"share_on_mastodon":{"url":"https:\/\/pubeurope.com\/@fr\/115788475914271386","error":""},"_links":{"self":[{"href":"https:\/\/www.europesays.com\/fr\/wp-json\/wp\/v2\/posts\/624191","targetHints":{"allow":["GET"]}}],"collection":[{"href":"https:\/\/www.europesays.com\/fr\/wp-json\/wp\/v2\/posts"}],"about":[{"href":"https:\/\/www.europesays.com\/fr\/wp-json\/wp\/v2\/types\/post"}],"author":[{"embeddable":true,"href":"https:\/\/www.europesays.com\/fr\/wp-json\/wp\/v2\/users\/2"}],"replies":[{"embeddable":true,"href":"https:\/\/www.europesays.com\/fr\/wp-json\/wp\/v2\/comments?post=624191"}],"version-history":[{"count":0,"href":"https:\/\/www.europesays.com\/fr\/wp-json\/wp\/v2\/posts\/624191\/revisions"}],"wp:featuredmedia":[{"embeddable":true,"href":"https:\/\/www.europesays.com\/fr\/wp-json\/wp\/v2\/media\/624192"}],"wp:attachment":[{"href":"https:\/\/www.europesays.com\/fr\/wp-json\/wp\/v2\/media?parent=624191"}],"wp:term":[{"taxonomy":"category","embeddable":true,"href":"https:\/\/www.europesays.com\/fr\/wp-json\/wp\/v2\/categories?post=624191"},{"taxonomy":"post_tag","embeddable":true,"href":"https:\/\/www.europesays.com\/fr\/wp-json\/wp\/v2\/tags?post=624191"}],"curies":[{"name":"wp","href":"https:\/\/api.w.org\/{rel}","templated":true}]}}