{"id":624206,"date":"2025-12-26T23:38:14","date_gmt":"2025-12-26T23:38:14","guid":{"rendered":"https:\/\/www.europesays.com\/fr\/624206\/"},"modified":"2025-12-26T23:38:14","modified_gmt":"2025-12-26T23:38:14","slug":"deux-francais-tues-dans-le-crash-de-lavion-qui-transportait-le-chef-detat-major-libyen-en-turquie-2","status":"publish","type":"post","link":"https:\/\/www.europesays.com\/fr\/624206\/","title":{"rendered":"Deux Fran\u00e7ais tu\u00e9s dans le crash de l\u2019avion qui transportait le chef d\u2019\u00e9tat-major libyen en Turquie"},"content":{"rendered":"<p>Deux Fran\u00e7ais et une Grecque faisaient partie des membres d\u2019\u00e9quipage de l\u2019avion qui s\u2019est \u00e9cras\u00e9 mardi soir pr\u00e8s d\u2019<a href=\"https:\/\/www.20minutes.fr\/dossier\/ankara\" class=\"c-link c-link--is-underlined\" target=\"_blank\" rel=\"noopener\">Ankara<\/a>, en <a href=\"https:\/\/www.20minutes.fr\/monde\/turquie\/\" class=\"c-link c-link--is-underlined\" target=\"_blank\" rel=\"noopener\">Turquie<\/a>, tuant tous ses passagers. Parmi eux figuraient le chef d\u2019\u00e9tat-major des arm\u00e9es <a href=\"https:\/\/www.20minutes.fr\/monde\/libye\/\" class=\"c-link c-link--is-underlined\" target=\"_blank\" rel=\"noopener\">libyennes<\/a> et ses conseillers. L\u2019information a \u00e9t\u00e9 divulgu\u00e9e par une source diplomatique, vendredi.<\/p>\n<p>Outre le chef d\u2019\u00e9tat-major de l\u2019arm\u00e9e de <a href=\"https:\/\/www.20minutes.fr\/monde\/tripoli\/\" class=\"c-link c-link--is-underlined\" target=\"_blank\" rel=\"noopener\">Tripoli<\/a>, le g\u00e9n\u00e9ral Mohamed Al-Haddad, quatre de ses conseillers et trois membres d\u2019\u00e9quipage se trouvaient \u00e0 bord de l\u2019appareil, un Falcon 50. Il s\u2019est \u00e9cras\u00e9 moins de quarante minutes apr\u00e8s son d\u00e9collage. La bo\u00eete noire a \u00e9t\u00e9 retrouv\u00e9e, selon les autorit\u00e9s turques qui ont fait \u00e9tat d\u2019une panne \u00e9lectrique \u00e0 bord de l\u2019avion et ouvert une enqu\u00eate pour d\u00e9terminer les causes de l\u2019accident.<\/p>\n<\/p>\n<p>Selon le ministre turc des Transports, la bo\u00eete noire sera analys\u00e9e dans un \u00ab\u00a0pays neutre\u00a0\u00bb. Les r\u00e9sultats de l\u2019analyse seront partag\u00e9s \u00ab\u00a0avec notre nation et le monde entier avec une totale transparence\u00a0\u00bb, a-t-il assur\u00e9. L\u2019avion, un Falcon-50, avait \u00e9t\u00e9 affr\u00e9t\u00e9 aupr\u00e8s de la compagnie priv\u00e9e Harmony Jets, bas\u00e9e \u00e0 Malte selon son site. Ce dernier pr\u00e9cise que la maintenance de ses appareils est effectu\u00e9e \u00e0 Lyon, en France.<\/p>\n<p>En France, le Bureau d\u2019enqu\u00eates et d\u2019analyses pour la s\u00e9curit\u00e9 de l\u2019aviation civile (BEA) \u00ab\u00a0participe \u00e0 l\u2019enqu\u00eate ouverte par la Turquie\u00a0\u00bb, a-t-il indiqu\u00e9 vendredi. Trois de ses enqu\u00eateurs \u00ab\u00a0se rendent sur place accompagn\u00e9s de conseillers techniques\u00a0\u00bb, comme il est d\u2019usage en cas d\u2019accident survenu \u00e0 l\u2019\u00e9tranger \u00e0 un a\u00e9ronef de construction ou de conception fran\u00e7aise.<\/p>\n","protected":false},"excerpt":{"rendered":"Deux Fran\u00e7ais et une Grecque faisaient partie des membres d\u2019\u00e9quipage de l\u2019avion qui s\u2019est \u00e9cras\u00e9 mardi soir pr\u00e8s&hellip;\n","protected":false},"author":2,"featured_media":624207,"comment_status":"","ping_status":"","sticky":false,"template":"","format":"standard","meta":{"footnotes":""},"categories":[5],"tags":[47,11,52379,2430,60757,1011,3844,27,14,4367,2428,7950,74,12,2429,2431,73354,3496,28],"class_list":{"0":"post-624206","1":"post","2":"type-post","3":"status-publish","4":"format-standard","5":"has-post-thumbnail","7":"category-international","8":"tag-actualite","9":"tag-actualites","10":"tag-ankara","11":"tag-auvergne-rhone-alpes","12":"tag-bea","13":"tag-fr","14":"tag-francais","15":"tag-france","16":"tag-international","17":"tag-libye","18":"tag-lyon","19":"tag-malte","20":"tag-monde","21":"tag-news","22":"tag-rhone","23":"tag-rhone-alpes","24":"tag-tripoli","25":"tag-turquie","26":"tag-world"},"share_on_mastodon":{"url":"https:\/\/pubeurope.com\/@fr\/115788507148619451","error":""},"_links":{"self":[{"href":"https:\/\/www.europesays.com\/fr\/wp-json\/wp\/v2\/posts\/624206","targetHints":{"allow":["GET"]}}],"collection":[{"href":"https:\/\/www.europesays.com\/fr\/wp-json\/wp\/v2\/posts"}],"about":[{"href":"https:\/\/www.europesays.com\/fr\/wp-json\/wp\/v2\/types\/post"}],"author":[{"embeddable":true,"href":"https:\/\/www.europesays.com\/fr\/wp-json\/wp\/v2\/users\/2"}],"replies":[{"embeddable":true,"href":"https:\/\/www.europesays.com\/fr\/wp-json\/wp\/v2\/comments?post=624206"}],"version-history":[{"count":0,"href":"https:\/\/www.europesays.com\/fr\/wp-json\/wp\/v2\/posts\/624206\/revisions"}],"wp:featuredmedia":[{"embeddable":true,"href":"https:\/\/www.europesays.com\/fr\/wp-json\/wp\/v2\/media\/624207"}],"wp:attachment":[{"href":"https:\/\/www.europesays.com\/fr\/wp-json\/wp\/v2\/media?parent=624206"}],"wp:term":[{"taxonomy":"category","embeddable":true,"href":"https:\/\/www.europesays.com\/fr\/wp-json\/wp\/v2\/categories?post=624206"},{"taxonomy":"post_tag","embeddable":true,"href":"https:\/\/www.europesays.com\/fr\/wp-json\/wp\/v2\/tags?post=624206"}],"curies":[{"name":"wp","href":"https:\/\/api.w.org\/{rel}","templated":true}]}}