{"id":624224,"date":"2025-12-27T00:00:40","date_gmt":"2025-12-27T00:00:40","guid":{"rendered":"https:\/\/www.europesays.com\/fr\/624224\/"},"modified":"2025-12-27T00:00:40","modified_gmt":"2025-12-27T00:00:40","slug":"un-espoir-dans-le-collimateur-du-real-madrid","status":"publish","type":"post","link":"https:\/\/www.europesays.com\/fr\/624224\/","title":{"rendered":"Un espoir dans le collimateur du Real Madrid"},"content":{"rendered":"<p><strong>Les dirigeants du Real Madrid s\u2019int\u00e9resseraient au profil d\u2019un espoir du Stade Rennais pour le prochain mercato.<\/strong><\/p>\n<p>Le <a href=\"https:\/\/www.les-transferts.com\/club\/real-madrid\/\" target=\"_blank\" rel=\"noopener\">Real Madrid<\/a> a fini dauphin du grand rival le FC Barcelone \u00e0 la fin de la premi\u00e8re moiti\u00e9 de saison. Notamment \u00e0 cause d\u2019une d\u00e9fense loin d\u2019\u00eatre \u00e0 son meilleur niveau. Le club madril\u00e8ne s\u2019est lanc\u00e9e sur la piste de Dayot Upamecano <a href=\"https:\/\/www.les-transferts.com\/rumeurs-transferts\/le-real-madrid-abandonne-la-piste-de-cette-star-francaise\/\" target=\"_blank\" rel=\"noopener\">mais a d\u00e9cid\u00e9 de mettre fin aux n\u00e9gociations<\/a>. <\/p>\n<p>Le g\u00e9ant espagnol aurait trouv\u00e9 un autre profil. Selon les informations de Transferfeed, <strong>le Real Madrid veut s\u2019attacher les services de <a href=\"https:\/\/www.les-transferts.com\/joueur\/jeremy-jacquet\/\" target=\"_blank\" rel=\"noopener\">J\u00e9r\u00e9my Jacquet<\/a><\/strong>. <\/p>\n<p>Actuellement au\u00a0Stade Rennais, le joueur de 20 ans dispose d\u2019un contrat jusqu\u2019en juin 2029. L\u2019international tricolore (5 s\u00e9lections) int\u00e9resserait aussi d\u2019autres cadors comme <strong>Liverpool<\/strong>, Arsenal, le Bayern Munich et le Paris Saint-Germain. Le natif de Bondy r\u00e9alise une saison solide avec quinze apparitions en Ligue 1.<\/p>\n<\/p>\n<p>Estim\u00e9 \u00e0 20 millions d\u2019euros par Transfermark, J\u00e9r\u00e9my Jacquet pourrait rapporter beaucoup plus au club breton. <\/p>\n<p>Fan inconditionnel du Bar\u00e7a, je d\u00e9bute ma carri\u00e8re de journaliste en 2015. J\u2019ai couvert la CAN 2017 au Gabon et le mondial 2022 au Qatar entre autres. Commentateur des matchs foot, j\u2019ai r\u00e9cemment pris go\u00fbt pour l\u2019EuroLeague de Basket dont mon joueur pr\u00e9f\u00e9r\u00e9 est Facundo Campazzo.<\/p>\n","protected":false},"excerpt":{"rendered":"Les dirigeants du Real Madrid s\u2019int\u00e9resseraient au profil d\u2019un espoir du Stade Rennais pour le prochain mercato. Le&hellip;\n","protected":false},"author":2,"featured_media":624225,"comment_status":"","ping_status":"","sticky":false,"template":"","format":"standard","meta":{"footnotes":""},"categories":[2821],"tags":[1111,11,829,1777,674,1011,27,12,584,25],"class_list":{"0":"post-624224","1":"post","2":"type-post","3":"status-publish","4":"format-standard","5":"has-post-thumbnail","7":"category-rennes","8":"tag-actu","9":"tag-actualites","10":"tag-bretagne","11":"tag-eu","12":"tag-europe","13":"tag-fr","14":"tag-france","15":"tag-news","16":"tag-rennes","17":"tag-republique-francaise"},"share_on_mastodon":{"url":"https:\/\/pubeurope.com\/@fr\/115788593425912241","error":""},"_links":{"self":[{"href":"https:\/\/www.europesays.com\/fr\/wp-json\/wp\/v2\/posts\/624224","targetHints":{"allow":["GET"]}}],"collection":[{"href":"https:\/\/www.europesays.com\/fr\/wp-json\/wp\/v2\/posts"}],"about":[{"href":"https:\/\/www.europesays.com\/fr\/wp-json\/wp\/v2\/types\/post"}],"author":[{"embeddable":true,"href":"https:\/\/www.europesays.com\/fr\/wp-json\/wp\/v2\/users\/2"}],"replies":[{"embeddable":true,"href":"https:\/\/www.europesays.com\/fr\/wp-json\/wp\/v2\/comments?post=624224"}],"version-history":[{"count":0,"href":"https:\/\/www.europesays.com\/fr\/wp-json\/wp\/v2\/posts\/624224\/revisions"}],"wp:featuredmedia":[{"embeddable":true,"href":"https:\/\/www.europesays.com\/fr\/wp-json\/wp\/v2\/media\/624225"}],"wp:attachment":[{"href":"https:\/\/www.europesays.com\/fr\/wp-json\/wp\/v2\/media?parent=624224"}],"wp:term":[{"taxonomy":"category","embeddable":true,"href":"https:\/\/www.europesays.com\/fr\/wp-json\/wp\/v2\/categories?post=624224"},{"taxonomy":"post_tag","embeddable":true,"href":"https:\/\/www.europesays.com\/fr\/wp-json\/wp\/v2\/tags?post=624224"}],"curies":[{"name":"wp","href":"https:\/\/api.w.org\/{rel}","templated":true}]}}