{"id":624230,"date":"2025-12-27T00:07:24","date_gmt":"2025-12-27T00:07:24","guid":{"rendered":"https:\/\/www.europesays.com\/fr\/624230\/"},"modified":"2025-12-27T00:07:24","modified_gmt":"2025-12-27T00:07:24","slug":"les-ffl-dor-2025-1ere-place-logc-nice","status":"publish","type":"post","link":"https:\/\/www.europesays.com\/fr\/624230\/","title":{"rendered":"Les FFL d\u2019Or 2025 \u2013 1\u00e8re place : L&rsquo;OGC Nice"},"content":{"rendered":"<p><a href=\"https:\/\/shop.fflose.com\/?utm_source=fflose.com&amp;utm_medium=articles&amp;utm_campaign=banner_nouveau_shop\" target=\"_blank\" rel=\"noopener\"><br \/>\n  <img decoding=\"async\" src=\"https:\/\/www.europesays.com\/fr\/wp-content\/uploads\/2025\/11\/55b7e63f-banniere-nouveau-shop-ffl.png\"\/><br \/>\n<\/a><\/p>\n<p><strong>D\u2019ordinaire, nous ne sommes pas tr\u00e8s sereins quand un club fran\u00e7ais dispute une Coupe d\u2019Europe. Mais quand il s\u2019agit de l\u2019OGC Nice, il nous vient presque l\u2019envie de voir les Aiglons se qualifier pour une comp\u00e9tition europ\u00e9enne la saison prochaine. Juste pour perp\u00e9tuer leur chef-d\u2019\u0153uvre immense.<\/strong><\/p>\n<blockquote class=\"twitter-tweet\">\n<p dir=\"ltr\" lang=\"fr\">Pour moi la fin du monde c\u2019est le jour o\u00f9 l\u2019OGC Nice gagnera un match europ\u00e9en le jeudi<\/p>\n<p>\u2014 F\u00e9d\u00e9 \ud83c\uddeb\ud83c\uddf7 de la Lose (@FFLose) <a href=\"https:\/\/twitter.com\/FFLose\/status\/1986504009763496212?ref_src=twsrc%5Etfw\" target=\"_blank\" rel=\"noopener\">November 6, 2025<\/a><\/p>\n<\/blockquote>\n<p>1. L\u2019OGC Nice<\/p>\n<p>  Pas encore inscrit \u00e0 la Loseletter ?<\/p>\n<p style=\"margin:0 0 15px;font-size:15px;line-height:1.4;\">\n    Chaque vendredi, ton best-of de la semaine \ud83c\uddeb\ud83c\uddf7 \ud83d\uddde\n  <\/p>\n<p>M\u00eame notre imagination la plus d\u00e9brid\u00e9e n\u2019aurait pas pu pr\u00e9voir un tel sc\u00e9nario. Pour cela, nous vous emmenons dans l\u2019un des endroits les plus pris\u00e9s au monde : la C\u00f4te d\u2019Azur. Ah le soleil ardent, le doux bruit des vagues et les d\u00e9faites de l\u2019OGC Nice le jeudi soir. Nous ne sommes qu\u2019au d\u00e9but du mois d\u2019ao\u00fbt, et pourtant les Aiglons nous \u00e9blouissent d\u00e9j\u00e0 sur la sc\u00e8ne europ\u00e9enne.<\/p>\n<p>Tout commence avec une double d\u00e9faite au troisi\u00e8me tour de qualification de la Ligue des Champions face au Benfica Lisbonne. Revers\u00e9 en Ligue Europa, l\u2019OGC Nice peut alors l\u00e2cher les chevaux. Pour notre plus grand bonheur. Apr\u00e8s trois premi\u00e8res d\u00e9faites, les Ni\u00e7ois m\u00e8nent au score pour la premi\u00e8re fois en Coupe d\u2019Europe depuis 1228 minutes. Mais rassurez-vous, <a href=\"https:\/\/fflose.com\/16-matchs-sans-victoire-nice-repousse-les-limites-du-reel-en-coupe-deurope\/\" target=\"_blank\" rel=\"noopener\">ils encaissent un tripl\u00e9 en l\u2019espace de 13 minutes juste derri\u00e8re<\/a>. Chassez le naturel, il revient au galop. Puis d\u00e8s le match suivant, face au FC Porto, les Aiglons prennent soin de ne plus \u00eatre devant au tableau d\u2019affichage. Pour cela, ils ont l\u2019excellente id\u00e9e d\u2019encaisser un but en 18 secondes chrono. Du grand art.<\/p>\n<blockquote class=\"twitter-tweet\">\n<p dir=\"ltr\" lang=\"fr\">La catastrophe pour Nice \u274c<\/p>\n<p>Coup d\u2019envoi, 18 secondes de jeu et but du Porto de Farioli contre les Aiglons \u2639\ufe0f<a href=\"https:\/\/twitter.com\/hashtag\/FCPOGCN?src=hash&amp;ref_src=twsrc%5Etfw\" target=\"_blank\" rel=\"noopener\">#FCPOGCN<\/a> | <a href=\"https:\/\/twitter.com\/hashtag\/UEL?src=hash&amp;ref_src=twsrc%5Etfw\" target=\"_blank\" rel=\"noopener\">#UEL<\/a> <a href=\"https:\/\/t.co\/eeE3wKz5um\">pic.twitter.com\/eeE3wKz5um<\/a><\/p>\n<p>\u2014 CANAL+ Foot (@CanalplusFoot) <a href=\"https:\/\/twitter.com\/CanalplusFoot\/status\/1994101956499947893?ref_src=twsrc%5Etfw\" target=\"_blank\" rel=\"noopener\">November 27, 2025<\/a><\/p>\n<\/blockquote>\n<p>Le clou du spectacle intervient lors de la r\u00e9ception de Braga. En cas de nouvelle non-victoire, les Aiglons peuvent entrer dans l\u2019histoire. Ils ne s\u2019en priveront pas. Apr\u00e8s un revers 1-0, l\u2019OGC Nice encha\u00eene un\u00a0<strong>18e match cons\u00e9cutif sans victoire en Coupe d\u2019Europe<\/strong>, ce qui est un nouveau record de France. Mieux encore, ils surfent sur une s\u00e9rie de 8 d\u00e9faites en Coupe d\u2019Europe, \u00e0 \u00e9galit\u00e9 avec l\u2019OM. Trouver des adjectifs ad\u00e9quats devient mission impossible, m\u00eame pour nous.<\/p>\n<blockquote class=\"twitter-tweet\">\n<p dir=\"ltr\" lang=\"fr\">\u2764\ufe0f\ud83d\udda4 L\u2019OGC NICE\ud83d\udda4\u2764\ufe0f<br \/>\u2705 PREMIER CLUB \u00c9LIMIN\u00c9 DE L\u2019EUROPA LEAGUE<br \/>\u2705 NOUVEAU RECORD FRAN\u00c7AIS DU NOMBRE DE MATCHS CONS\u00c9CUTIFS SANS VICTOIRE EN COUPE D\u2019EUROPE (18) <a href=\"https:\/\/t.co\/wrZIpvqKG3\">pic.twitter.com\/wrZIpvqKG3<\/a><\/p>\n<p>\u2014 F\u00e9d\u00e9 \ud83c\uddeb\ud83c\uddf7 de la Lose (@FFLose) <a href=\"https:\/\/twitter.com\/FFLose\/status\/1999456636042174608?ref_src=twsrc%5Etfw\" target=\"_blank\" rel=\"noopener\">December 12, 2025<\/a><\/p>\n<\/blockquote>\n<p>Les joueurs de Franck Haise r\u00e9ussissent m\u00eame l\u2019exploit d\u2019\u00eatre \u00e9limin\u00e9s de la Ligue Europa alors qu\u2019il reste encore deux matchs \u00e0 jouer. Seule ombre au tableau, <a href=\"https:\/\/fflose.com\/logc-nice-deraille-completement-en-coupe-de-france\/\" target=\"_blank\" rel=\"noopener\">la victoire de Nice contre l\u2019AS Saint-\u00c9tienne en Coupe de France<\/a>, mettant un terme \u00e0 une s\u00e9rie de neuf d\u00e9faites cons\u00e9cutives toutes comp\u00e9titions confondues. La d\u00e9cima est pass\u00e9e si proche. Mais \u00e0 la FFL, on pr\u00e9f\u00e8re voir le verre \u00e0 moiti\u00e9 plein. Avec sa s\u00e9rie de <strong>18 matchs sans victoire en Ligue Europa<\/strong>, la derni\u00e8re remontant au 29 octobre 2020 contre l\u2019Hapo\u00ebl Beer-Sheva, soit depuis 5 ans et 2 mois, l\u2019OGC Nice a \u00e9gal\u00e9 le record de Ludogorets Razgrad. Alors on vous donne rendez-vous le 22 janvier prochain pour assister \u00e0 un moment d\u2019histoire lors de la r\u00e9ception des Go Ahead Eagles.<\/p>\n<blockquote class=\"twitter-tweet\">\n<p dir=\"ltr\" lang=\"fr\">Nice n\u2019a remport\u00e9 aucun de ses 18 derniers matchs en Ligue Europa (3 nuls, 15 d\u00e9faites), soit la plus longue s\u00e9rie sans la moindre victoire pour un club dans la comp\u00e9tition \u00e0 \u00e9galit\u00e9 avec Ludogorets Razgrad de octobre 2019 \u00e0 d\u00e9cembre 2021 (18- 4 nuls, 14 d\u00e9faites). <a href=\"https:\/\/twitter.com\/hashtag\/OGCNSCB?src=hash&amp;ref_src=twsrc%5Etfw\" target=\"_blank\" rel=\"noopener\">#OGCNSCB<\/a><\/p>\n<p>\u2014 Stats Foot (@Statsdufoot) <a href=\"https:\/\/twitter.com\/Statsdufoot\/status\/1999204457234538708?ref_src=twsrc%5Etfw\" target=\"_blank\" rel=\"noopener\">December 11, 2025<\/a><\/p>\n<\/blockquote>\n<p>Et devinez sur quelle pelouse l\u2019OGC Nice doit jouer son dernier match de Ligue Europa cette saison ? Ludogorets Razgrad bien \u00e9videmment. Il n\u2019y a pas de hasard, il n\u2019y a que des rendez-vous.<\/p>\n<blockquote class=\"twitter-tweet\">\n<p dir=\"ltr\" lang=\"fr\">Bienvenue dans la merveilleuse boucle temporelle de l\u2019OGC Nice <a href=\"https:\/\/t.co\/xBINkgBaXr\">pic.twitter.com\/xBINkgBaXr<\/a><\/p>\n<p>\u2014 F\u00e9d\u00e9 \ud83c\uddeb\ud83c\uddf7 de la Lose (@FFLose) <a href=\"https:\/\/twitter.com\/FFLose\/status\/1883623403321721099?ref_src=twsrc%5Etfw\" target=\"_blank\" rel=\"noopener\">January 26, 2025<\/a><\/p>\n<\/blockquote>\n<p>                         <a href=\"https:\/\/fflose.com\/author\/tomgaleron\/\" class=\"url\" title=\"Tom\" target=\"_blank\" rel=\"noopener\"> <img loading=\"lazy\" decoding=\"async\" alt=\"Tom\" src=\"https:\/\/www.europesays.com\/fr\/wp-content\/uploads\/2025\/12\/1766794044_524_fa539669b9b6c266044bdafc0534c1c7e71784259f6e9e9e6fab2d5d73302c49\"  class=\"avatar avatar-250 photo\" height=\"250\" width=\"250\"\/><\/a> <\/p>\n<p>Natif de Marseille, autant vous dire qu&rsquo;il est pr\u00e9f\u00e9rable de ne pas me parler de football en ce moment. Merci pour votre compr\u00e9hension.<\/p>\n<p> <a href=\"https:\/\/fflose.com\/author\/tomgaleron\/\" class=\"url\" title=\"Tom\" target=\"_blank\" rel=\"noopener\"><img loading=\"lazy\" decoding=\"async\" alt=\"Tom\" src=\"https:\/\/www.europesays.com\/fr\/wp-content\/uploads\/2025\/12\/1766794044_524_fa539669b9b6c266044bdafc0534c1c7e71784259f6e9e9e6fab2d5d73302c49\"  class=\"avatar avatar-250 photo\" height=\"250\" width=\"250\"\/><\/a><br \/>\n<a href=\"https:\/\/shop.fflose.com\/?utm_source=fflose.com&amp;utm_medium=articles&amp;utm_campaign=banner_nouveau_shop\" target=\"_blank\" rel=\"noopener\"><br \/>\n  <img decoding=\"async\" src=\"https:\/\/www.europesays.com\/fr\/wp-content\/uploads\/2025\/11\/55b7e63f-banniere-nouveau-shop-ffl.png\"\/><br \/>\n<\/a><\/p>\n<p><script async src=\"https:\/\/platform.twitter.com\/widgets.js\" charset=\"utf-8\"><\/script><\/p>\n","protected":false},"excerpt":{"rendered":"D\u2019ordinaire, nous ne sommes pas tr\u00e8s sereins quand un club fran\u00e7ais dispute une Coupe d\u2019Europe. Mais quand il&hellip;\n","protected":false},"author":2,"featured_media":624231,"comment_status":"","ping_status":"","sticky":false,"template":"","format":"standard","meta":{"footnotes":""},"categories":[2819],"tags":[1111,11,1777,674,1011,27,12,2401,882,25],"class_list":{"0":"post-624230","1":"post","2":"type-post","3":"status-publish","4":"format-standard","5":"has-post-thumbnail","7":"category-nice","8":"tag-actu","9":"tag-actualites","10":"tag-eu","11":"tag-europe","12":"tag-fr","13":"tag-france","14":"tag-news","15":"tag-nice","16":"tag-provence-alpes-cote-dazur","17":"tag-republique-francaise"},"share_on_mastodon":{"url":"https:\/\/pubeurope.com\/@fr\/115788621933056184","error":""},"_links":{"self":[{"href":"https:\/\/www.europesays.com\/fr\/wp-json\/wp\/v2\/posts\/624230","targetHints":{"allow":["GET"]}}],"collection":[{"href":"https:\/\/www.europesays.com\/fr\/wp-json\/wp\/v2\/posts"}],"about":[{"href":"https:\/\/www.europesays.com\/fr\/wp-json\/wp\/v2\/types\/post"}],"author":[{"embeddable":true,"href":"https:\/\/www.europesays.com\/fr\/wp-json\/wp\/v2\/users\/2"}],"replies":[{"embeddable":true,"href":"https:\/\/www.europesays.com\/fr\/wp-json\/wp\/v2\/comments?post=624230"}],"version-history":[{"count":0,"href":"https:\/\/www.europesays.com\/fr\/wp-json\/wp\/v2\/posts\/624230\/revisions"}],"wp:featuredmedia":[{"embeddable":true,"href":"https:\/\/www.europesays.com\/fr\/wp-json\/wp\/v2\/media\/624231"}],"wp:attachment":[{"href":"https:\/\/www.europesays.com\/fr\/wp-json\/wp\/v2\/media?parent=624230"}],"wp:term":[{"taxonomy":"category","embeddable":true,"href":"https:\/\/www.europesays.com\/fr\/wp-json\/wp\/v2\/categories?post=624230"},{"taxonomy":"post_tag","embeddable":true,"href":"https:\/\/www.europesays.com\/fr\/wp-json\/wp\/v2\/tags?post=624230"}],"curies":[{"name":"wp","href":"https:\/\/api.w.org\/{rel}","templated":true}]}}