{"id":624236,"date":"2025-12-27T00:12:15","date_gmt":"2025-12-27T00:12:15","guid":{"rendered":"https:\/\/www.europesays.com\/fr\/624236\/"},"modified":"2025-12-27T00:12:15","modified_gmt":"2025-12-27T00:12:15","slug":"toulouse-une-amende-salee-vous-attend-si-vous-jetez-votre-sapin-a-la-rue-en-voici-le-montant","status":"publish","type":"post","link":"https:\/\/www.europesays.com\/fr\/624236\/","title":{"rendered":"Toulouse. Une amende sal\u00e9e vous attend si vous jetez votre sapin \u00e0 la rue : en voici le montant"},"content":{"rendered":"<p>                    Par<br \/>\n        <strong><br \/>\n            <a href=\"https:\/\/actu.fr\/auteur\/margot-fournie\" title=\"Consulter tous les articles de Margot Fournie\" target=\"_blank\" rel=\"noopener\">Margot Fournie<\/a><br \/>\n                    <\/strong><\/p>\n<p>        Publi\u00e9 le<\/p>\n<p>            26 d\u00e9c. 2025 \u00e0 13h21        <\/p>\n<p><a href=\"https:\/\/actu.fr\/tag\/noel\" target=\"_blank\" rel=\"noopener\">No\u00ebl<\/a> est pass\u00e9.<a href=\"https:\/\/actu.fr\/loisirs-culture\/noel-d-ou-vient-la-tradition-du-sapin-que-l-on-decore_56166750.html\" target=\"_blank\" rel=\"noopener\"> Le sapin<\/a> a rempli son r\u00f4le en aiguayant les salons toulousains avec ses boules et ses guirlandes, mais il va bient\u00f4t devoir \u00eatre jet\u00e9. Mais attention\u2009: <strong>pas n\u2019importe o\u00f9<\/strong>.\u00a0Pour ceux qui tenteraient de se d\u00e9barrasser de leur arbre de mani\u00e8re sauvage, une <strong>amende sal\u00e9e est pr\u00e9vue<\/strong>. Voici son montant.<\/p>\n<p>Le montant de l\u2019amende augmente avec le temps<\/p>\n<p class=\" wall-content\">Selon Service public France \u00ab\u2009d\u00e9poser, abandonner, jeter ou d\u00e9verser tout type de d\u00e9chets sur la voie publique ou priv\u00e9e est puni d\u2019une amende forfaitaire.\u2009\u00bb<\/p>\n<p class=\" wall-content\">Laisser son sapin dans la rue est donc passible d\u2019une <strong>amende de 135\u00a0euros<\/strong>. \u00c0 condition de payer imm\u00e9diatement ou dans les 45\u00a0jours qui suivent le constat de l\u2019infraction. Au-del\u00e0 de ce d\u00e9lai, l\u2019amende passe \u00e0 375\u00a0euros.<\/p>\n<p>Votre voiture pourrait \u00eatre confisqu\u00e9e<\/p>\n<p class=\" wall-content\">Si la prune n\u2019est pas pay\u00e9e ou si vous choisissez de la contester, le juge du tribunal de police est saisi. Il pourra vous imposer une amende de 750\u00a0\u20ac,<strong> voire jusqu\u2019\u00e0 1\u2009500\u00a0\u20ac<\/strong>.<\/p>\n<p>Vid\u00e9os : en ce moment sur Actu<\/p>\n<p class=\" wall-content\">Votre voiture peut \u00e9galement vous \u00eatre confisqu\u00e9e si vous l\u2019avez utilis\u00e9e pour transporter le sapin.<\/p>\n<p class=\" wall-content\">Histoire d\u2019\u00e9viter d\u2019en arriver l\u00e0, des <a href=\"https:\/\/actu.fr\/occitanie\/toulouse_31555\/apres-noel-ou-jeter-son-sapin-a-toulouse-et-dans-la-metropole_63609104.html\" target=\"_blank\" rel=\"noopener\">points de collecte de sapin<\/a> ont \u00e9t\u00e9 install\u00e9s \u00e0 <a href=\"https:\/\/actu.fr\/toulouse\/\" target=\"_blank\" rel=\"noopener\">Toulouse<\/a>. Il reste \u00e9galement la possibilit\u00e9 de d\u00e9poser son arbre de No\u00ebl \u00e0 <strong>la d\u00e9chetterie<\/strong>.<\/p>\n<p class=\" wall-content\">Personnalisez votre actualit\u00e9 en ajoutant vos villes et m\u00e9dias en favori avec <a href=\"https:\/\/moncompte.actu.fr\" title=\"D\u00e9couvez Mon Actu\" rel=\"nofollow noopener\" data-trk=\"{&quot;cta&quot;:{&quot;action&quot;:&quot;https:\\\/\\\/moncompte.actu.fr&quot;,&quot;category&quot;:&quot;mon compte&quot;,&quot;from&quot;:&quot;article footer&quot;,&quot;name&quot;:&quot;Mon actu&quot;,&quot;type&quot;:&quot;cta&quot;}}\" target=\"_blank\">Mon Actu<\/a>.<\/p>\n","protected":false},"excerpt":{"rendered":"Par Margot Fournie Publi\u00e9 le 26 d\u00e9c. 2025 \u00e0 13h21 No\u00ebl est pass\u00e9. Le sapin a rempli son&hellip;\n","protected":false},"author":2,"featured_media":624237,"comment_status":"","ping_status":"","sticky":false,"template":"","format":"standard","meta":{"footnotes":""},"categories":[2816],"tags":[1111,11,1777,674,1011,27,12,15830,2680,25,104,2312],"class_list":{"0":"post-624236","1":"post","2":"type-post","3":"status-publish","4":"format-standard","5":"has-post-thumbnail","7":"category-toulouse","8":"tag-actu","9":"tag-actualites","10":"tag-eu","11":"tag-europe","12":"tag-fr","13":"tag-france","14":"tag-news","15":"tag-noel","16":"tag-occitanie","17":"tag-republique-francaise","18":"tag-societe","19":"tag-toulouse"},"share_on_mastodon":{"url":"https:\/\/pubeurope.com\/@fr\/115788640661983803","error":""},"_links":{"self":[{"href":"https:\/\/www.europesays.com\/fr\/wp-json\/wp\/v2\/posts\/624236","targetHints":{"allow":["GET"]}}],"collection":[{"href":"https:\/\/www.europesays.com\/fr\/wp-json\/wp\/v2\/posts"}],"about":[{"href":"https:\/\/www.europesays.com\/fr\/wp-json\/wp\/v2\/types\/post"}],"author":[{"embeddable":true,"href":"https:\/\/www.europesays.com\/fr\/wp-json\/wp\/v2\/users\/2"}],"replies":[{"embeddable":true,"href":"https:\/\/www.europesays.com\/fr\/wp-json\/wp\/v2\/comments?post=624236"}],"version-history":[{"count":0,"href":"https:\/\/www.europesays.com\/fr\/wp-json\/wp\/v2\/posts\/624236\/revisions"}],"wp:featuredmedia":[{"embeddable":true,"href":"https:\/\/www.europesays.com\/fr\/wp-json\/wp\/v2\/media\/624237"}],"wp:attachment":[{"href":"https:\/\/www.europesays.com\/fr\/wp-json\/wp\/v2\/media?parent=624236"}],"wp:term":[{"taxonomy":"category","embeddable":true,"href":"https:\/\/www.europesays.com\/fr\/wp-json\/wp\/v2\/categories?post=624236"},{"taxonomy":"post_tag","embeddable":true,"href":"https:\/\/www.europesays.com\/fr\/wp-json\/wp\/v2\/tags?post=624236"}],"curies":[{"name":"wp","href":"https:\/\/api.w.org\/{rel}","templated":true}]}}