{"id":624238,"date":"2025-12-27T00:13:16","date_gmt":"2025-12-27T00:13:16","guid":{"rendered":"https:\/\/www.europesays.com\/fr\/624238\/"},"modified":"2025-12-27T00:13:16","modified_gmt":"2025-12-27T00:13:16","slug":"la-rochelle-recupere-seulement-hastoy-pour-le-choc-a-toulouse","status":"publish","type":"post","link":"https:\/\/www.europesays.com\/fr\/624238\/","title":{"rendered":"La Rochelle r\u00e9cup\u00e8re seulement Hastoy pour le choc \u00e0 Toulouse"},"content":{"rendered":"<p>\n    La Rochelle retrouve son demi d\u2019ouverture apr\u00e8s trois semaines de suspension, mais devra encore composer avec de nombreuses absences face \u00e0 Toulouse.<\/p>\n<p class=\"fig-paragraph\">Le demi d&rsquo;ouverture international Antoine Hastoy, qui a purg\u00e9<a href=\"http:\/\/www.lefigaro.fr\/sports\/rugby\/top-14\/top-14-en-video-le-carton-recu-par-antoine-hastoy-la-rochelle-apres-34-secondes-de-jeu-20251130\" data-fig-type=\"NewsFlash\" data-gtm-custom-categorie=\"navigation\" data-gtm-custom-action=\"crossclick\" data-gtm-custom-label=\"Contextuel\" data-gtm-event=\"customEventSPE\" data-fig-domain=\"LEFIGARO\" target=\"_blank\" rel=\"noopener\">\u00a0ses trois semaines de suspension,<\/a>\u00a0sera le seul joueur \u00e0 r\u00e9int\u00e9grer le groupe de La Rochelle en vue du d\u00e9placement \u00e0 Toulouse dimanche en cl\u00f4ture de la 13e journ\u00e9e.<\/p>\n<p class=\"fig-paragraph\">Hastoy avait \u00e9t\u00e9 exclu apr\u00e8s 34 secondes de jeu \u00e0 Pau pour avoir touch\u00e9 avec ses crampons le visage de l&rsquo;ailier b\u00e9arnais Aaron Gandidier Nkanang lors de la r\u00e9ception d&rsquo;un ballon a\u00e9rien. Il avait depuis manqu\u00e9 les deux matches de Champions Cup des Maritime contre Leicester et les Stormers et celui de Top 14 contre Bayonne.<\/p>\n<p>                                            <a class=\"fig-a11y-skip\" href=\"#fig-a11y-skip-main-inarticle\" data-module=\"a11y-skip\" data-context=\"was @visible\"><br \/>\n    Passer la publicit\u00e9<br \/>\n<\/a>            <\/p>\n<p class=\"fig-paragraph\">Le deuxi\u00e8me-ligne australien Will Skelton, l&rsquo;ouvreur n\u00e9o-z\u00e9landais Ihaia West, le talonneur Louis Penverne ou encore l&rsquo;arri\u00e8re Ugo Pacome sont toujours en phase de reprise et leur pr\u00e9sence \u00e0 Toulouse reste incertaine.<\/p>\n<p class=\"fig-paragraph\">\u00abDes joueurs qui reviennent, je n&rsquo;en ai pas en t\u00eate, a expliqu\u00e9 vendredi l&rsquo;entra\u00eeneur de l&rsquo;attaque S\u00e9bastien Boboul. Will (Skelton) est en reprise, Ihaia (West) aussi, tout comme Ugo Pacome et Louis Penverne. Paul (Boudehent), non. Je n&rsquo;ai pas vu tous les joueurs, leur pr\u00e9sence n&rsquo;est pas certaine. La semaine a \u00e9t\u00e9 courte, ils ne se sont pas entra\u00een\u00e9s, donc c&rsquo;est peut-\u00eatre compliqu\u00e9 qu&rsquo;ils soient pr\u00e9sents\u00bb.<\/p>\n<p class=\"fig-paragraph\">Sortis sur commotion face \u00e0 l&rsquo;Aviron, Matthias Haddad et Thomas Lavault ont rejoint une infirmerie toujours bien garnie avec \u00e9gaement Paul Boudehent (tendon rotulien), Pierre Bourgarit (pubalgie), le Fidjien Semi Lagivala (cheville), Jonathan Danty (genou) et Judica\u00ebl Cancoriet.<\/p>\n","protected":false},"excerpt":{"rendered":"La Rochelle retrouve son demi d\u2019ouverture apr\u00e8s trois semaines de suspension, mais devra encore composer avec de nombreuses&hellip;\n","protected":false},"author":2,"featured_media":624239,"comment_status":"","ping_status":"","sticky":false,"template":"","format":"standard","meta":{"footnotes":""},"categories":[2816],"tags":[1111,11,1777,674,1011,27,12,2680,25,6365,476,2312],"class_list":{"0":"post-624238","1":"post","2":"type-post","3":"status-publish","4":"format-standard","5":"has-post-thumbnail","7":"category-toulouse","8":"tag-actu","9":"tag-actualites","10":"tag-eu","11":"tag-europe","12":"tag-fr","13":"tag-france","14":"tag-news","15":"tag-occitanie","16":"tag-republique-francaise","17":"tag-stade-rochelais","18":"tag-stade-toulousain","19":"tag-toulouse"},"share_on_mastodon":{"url":"https:\/\/pubeurope.com\/@fr\/115788644561213091","error":""},"_links":{"self":[{"href":"https:\/\/www.europesays.com\/fr\/wp-json\/wp\/v2\/posts\/624238","targetHints":{"allow":["GET"]}}],"collection":[{"href":"https:\/\/www.europesays.com\/fr\/wp-json\/wp\/v2\/posts"}],"about":[{"href":"https:\/\/www.europesays.com\/fr\/wp-json\/wp\/v2\/types\/post"}],"author":[{"embeddable":true,"href":"https:\/\/www.europesays.com\/fr\/wp-json\/wp\/v2\/users\/2"}],"replies":[{"embeddable":true,"href":"https:\/\/www.europesays.com\/fr\/wp-json\/wp\/v2\/comments?post=624238"}],"version-history":[{"count":0,"href":"https:\/\/www.europesays.com\/fr\/wp-json\/wp\/v2\/posts\/624238\/revisions"}],"wp:featuredmedia":[{"embeddable":true,"href":"https:\/\/www.europesays.com\/fr\/wp-json\/wp\/v2\/media\/624239"}],"wp:attachment":[{"href":"https:\/\/www.europesays.com\/fr\/wp-json\/wp\/v2\/media?parent=624238"}],"wp:term":[{"taxonomy":"category","embeddable":true,"href":"https:\/\/www.europesays.com\/fr\/wp-json\/wp\/v2\/categories?post=624238"},{"taxonomy":"post_tag","embeddable":true,"href":"https:\/\/www.europesays.com\/fr\/wp-json\/wp\/v2\/tags?post=624238"}],"curies":[{"name":"wp","href":"https:\/\/api.w.org\/{rel}","templated":true}]}}