{"id":62424,"date":"2025-04-29T18:18:09","date_gmt":"2025-04-29T18:18:09","guid":{"rendered":"https:\/\/www.europesays.com\/fr\/62424\/"},"modified":"2025-04-29T18:18:09","modified_gmt":"2025-04-29T18:18:09","slug":"une-nouvelle-impulsion-pour-le-basket-ball-en-ile-de-france","status":"publish","type":"post","link":"https:\/\/www.europesays.com\/fr\/62424\/","title":{"rendered":"Une nouvelle impulsion pour le basket-ball en \u00cele-de-France"},"content":{"rendered":"\n<p style=\"margin-bottom: 0cm;\">Les dirigeants de la f\u00e9d\u00e9ration fran\u00e7aise de basket esp\u00e8rent un rebond pour la discipline en \u00cele-de-France. Selon eux, ce sport \u00ab\u00a0souffre d\u2019un manque d\u2019infrastructures sportives et de dirigeants pour poursuivre sa croissance\u00a0\u00bb. Pour y rem\u00e9dier, un protocole de partenariat a \u00e9t\u00e9 renouvel\u00e9 entre la FFBB et le conseil r\u00e9gional. Plusieurs missions doivent \u00eatre men\u00e9es \u00e0 bien. Parmi ces derni\u00e8res, favoriser l&rsquo;acc\u00e8s au basket pour les femmes, accompagner les jeunes talents franciliens ou encore d\u00e9velopper les liens entre l&rsquo;Outre-mer et la r\u00e9gion \u00cele-de-France gr\u00e2ce au sport. <\/p>\n<p lang=\"fr-FR\" style=\"margin-bottom: 0cm; font-style: normal;\">\u00a0<\/p>\n<p lang=\"fr-FR\" style=\"margin-bottom: 0cm;\">Nicolas Chacun<\/p>\n<p>!function(f,b,e,v,n,t,s){if(f.fbq)return;n=f.fbq=function(){n.callMethod?<br \/>\nn.callMethod.apply(n,arguments):n.queue.push(arguments)};if(!f._fbq)f._fbq=n;<br \/>\nn.push=n;n.loaded=!0;n.version=&rsquo;2.0&prime;;n.queue=[];t=b.createElement(e);t.async=!0;<br \/>\nt.src=v;s=b.getElementsByTagName(e)[0];s.parentNode.insertBefore(t,s)}(window,<br \/>\ndocument,&rsquo;script&rsquo;,&rsquo;https:\/\/connect.facebook.net\/en_US\/fbevents.js&rsquo;);<br \/>\nfbq(&lsquo;init&rsquo;, &lsquo;278974969201861&rsquo;); \/\/ Insert your pixel ID here.<br \/>\nfbq(&lsquo;track&rsquo;, &lsquo;PageView&rsquo;);<\/p>\n","protected":false},"excerpt":{"rendered":"Les dirigeants de la f\u00e9d\u00e9ration fran\u00e7aise de basket esp\u00e8rent un rebond pour la discipline en \u00cele-de-France. Selon eux,&hellip;\n","protected":false},"author":2,"featured_media":62425,"comment_status":"","ping_status":"","sticky":false,"template":"","format":"standard","meta":{"footnotes":""},"categories":[1592],"tags":[1111,11,1933,1936,1777,1939,674,1011,27,662,1934,12,1940,626,1935,25,1937,1941,1938],"class_list":{"0":"post-62424","1":"post","2":"type-post","3":"status-publish","4":"format-standard","5":"has-post-thumbnail","7":"category-ile-de-france","8":"tag-actu","9":"tag-actualites","10":"tag-actualites-locales","11":"tag-essonne","12":"tag-eu","13":"tag-eure-et-loir","14":"tag-europe","15":"tag-fr","16":"tag-france","17":"tag-ile-de-france","18":"tag-infos-locales","19":"tag-news","20":"tag-oise","21":"tag-paris","22":"tag-pres-de-chez-vous","23":"tag-republique-francaise","24":"tag-seine-et-marne","25":"tag-somme","26":"tag-yvelines"},"share_on_mastodon":{"url":"https:\/\/pubeurope.com\/@fr\/114422631745909318","error":""},"_links":{"self":[{"href":"https:\/\/www.europesays.com\/fr\/wp-json\/wp\/v2\/posts\/62424","targetHints":{"allow":["GET"]}}],"collection":[{"href":"https:\/\/www.europesays.com\/fr\/wp-json\/wp\/v2\/posts"}],"about":[{"href":"https:\/\/www.europesays.com\/fr\/wp-json\/wp\/v2\/types\/post"}],"author":[{"embeddable":true,"href":"https:\/\/www.europesays.com\/fr\/wp-json\/wp\/v2\/users\/2"}],"replies":[{"embeddable":true,"href":"https:\/\/www.europesays.com\/fr\/wp-json\/wp\/v2\/comments?post=62424"}],"version-history":[{"count":0,"href":"https:\/\/www.europesays.com\/fr\/wp-json\/wp\/v2\/posts\/62424\/revisions"}],"wp:featuredmedia":[{"embeddable":true,"href":"https:\/\/www.europesays.com\/fr\/wp-json\/wp\/v2\/media\/62425"}],"wp:attachment":[{"href":"https:\/\/www.europesays.com\/fr\/wp-json\/wp\/v2\/media?parent=62424"}],"wp:term":[{"taxonomy":"category","embeddable":true,"href":"https:\/\/www.europesays.com\/fr\/wp-json\/wp\/v2\/categories?post=62424"},{"taxonomy":"post_tag","embeddable":true,"href":"https:\/\/www.europesays.com\/fr\/wp-json\/wp\/v2\/tags?post=62424"}],"curies":[{"name":"wp","href":"https:\/\/api.w.org\/{rel}","templated":true}]}}