{"id":624240,"date":"2025-12-27T00:15:37","date_gmt":"2025-12-27T00:15:37","guid":{"rendered":"https:\/\/www.europesays.com\/fr\/624240\/"},"modified":"2025-12-27T00:15:37","modified_gmt":"2025-12-27T00:15:37","slug":"une-femme-de-34-ans-retrouvee-morte-a-lille-son-compagnon-a-ete-place-en-garde-a-vue","status":"publish","type":"post","link":"https:\/\/www.europesays.com\/fr\/624240\/","title":{"rendered":"Une femme de 34 ans retrouv\u00e9e morte \u00e0 Lille, son compagnon a \u00e9t\u00e9 plac\u00e9 en garde \u00e0 vue"},"content":{"rendered":"<p>Une nouvelle d\u00e9couverte macabre a eu lieu \u00e0 Lille. En quelques jours \u00e0 peine, <strong>plusieurs corps de femmes sans vie ont \u00e9t\u00e9 retrouv\u00e9s dans le pays<\/strong>. Le 23 d\u00e9cembre 2025, c\u2019est <a href=\"https:\/\/www.femmeactuelle.fr\/actu\/news-actu\/le-corps-sans-vie-d-une-femme-denudee-gisant-au-sol-decouvert-pres-de-perpignan-2202643\" target=\"_blank\" rel=\"noopener\">une femme de 60 ans, dont le corps pr\u00e9sentait des traces de coups<\/a>, qui a \u00e9t\u00e9 trouv\u00e9e par des employ\u00e9s du magasin Kiabi d\u2019une zone commerciale de Perpignan. Ce mercredi 24 d\u00e9cembre 2025, <a href=\"https:\/\/www.femmeactuelle.fr\/actu\/news-actu\/le-corps-dune-femme-partiellement-denude-decouvert-en-plein-paris-2202647\" target=\"_blank\" rel=\"noopener\"><strong>le corps d\u2019une femme a \u00e9t\u00e9 d\u00e9couvert<\/strong><\/a><strong> dans la cour d\u2019un immeuble du 18e arrondissement de Paris dans la matin\u00e9e<\/strong>. Cette fois, c\u2019est donc \u00e0 Lille que le corps d\u2019une femme de 34 ans a \u00e9t\u00e9 trouv\u00e9 au domicile de son compagnon, comme l\u2019a r\u00e9v\u00e9l\u00e9 le journal Le Dauphin\u00e9 lib\u00e9r\u00e9 ce jeudi 25 d\u00e9cembre 2025.<\/p>\n<p>D\u2019apr\u00e8s une source polici\u00e8re, non seulement le logement pr\u00e9sentait des traces de violence, mais <strong>le corps de la jeune femme portait des h\u00e9matomes<\/strong>. Le conjoint de 36 ans de la femme est celui qui a appel\u00e9 les secours. D\u2019apr\u00e8s ce dernier, <strong>la situation aurait d\u00e9g\u00e9n\u00e9r\u00e9 apr\u00e8s une soir\u00e9e alcoolis\u00e9e<\/strong>. Plac\u00e9 en garde \u00e0 vue, l\u2019homme, Alg\u00e9rien, est d\u00e9j\u00e0 connu de la justice pour un d\u00e9lit routier. D\u2019apr\u00e8s la m\u00eame source, il est en situation r\u00e9guli\u00e8re sur le territoire fran\u00e7ais. Pour l\u2019instant, le parquet de Lille n\u2019a pas souhait\u00e9 faire de d\u00e9claration.<\/p>\n<p><strong>Le fl\u00e9au des f\u00e9minicides en France<\/strong><\/p>\n<p>Ce nouveau meurtre s\u2019ajoute \u00e0 la d\u00e9j\u00e0 tr\u00e8s longue liste des f\u00e9minicides en France. D\u2019apr\u00e8s les donn\u00e9es de la mission interminist\u00e9rielle pour la protection des femmes (Miprof), publi\u00e9es en novembre 2025,<strong> trois femmes sont victimes de f\u00e9minicide ou de tentative de f\u00e9minicide conjugal en France chaque jour<\/strong>. Ces chiffres portent sur l\u2019ann\u00e9e 2024 et r\u00e9v\u00e8lent que le nombre de f\u00e9minicides conjugaux a augment\u00e9 de 11 % entre 2023 et 2024. L\u2019an pass\u00e9, <a href=\"https:\/\/www.femmeactuelle.fr\/actu\/news-actu\/feminicides-viol-harcelement-sexuel-ces-chiffres-sur-les-violences-faites-aux-femmes-qui-font-froid-dans-le-dos-2201205\" target=\"_blank\" rel=\"noopener\"><strong>107 femmes ont \u00e9t\u00e9 victimes de f\u00e9minicides conjugaux<\/strong><\/a><strong> et 270 de tentatives de f\u00e9minicides conjugaux<\/strong>. Un autre chiffre montre \u00e0 quel point ce fl\u00e9au est important en France : <strong>906 femmes qui ont \u00e9t\u00e9 victimes de harc\u00e8lement de leur compagnon ou ex-conjoint se sont suicid\u00e9es<\/strong> ou ont tent\u00e9 de le faire en 2024. Selon la F\u00e9d\u00e9ration nationale Solidarit\u00e9 Femmes (FNSF), plus de 50 % des f\u00e9minicides se d\u00e9roulent en milieu rural alors que seule 30 % de la population y vit.<\/p>\n<p>Source<\/p>\n<p>Le Dauphin\u00e9 Lib\u00e9r\u00e9, 25\/12\/2025 : <a href=\"https:\/\/www.ledauphine.com\/faits-divers-justice\/2025\/12\/25\/une-femme-de-34-ans-retrouvee-morte-a-lille-son-conjoint-place-en-garde-a-vue\" rel=\"nofollow noopener\" target=\"_blank\">Une femme de 34 ans retrouv\u00e9e morte \u00e0 Lille, son conjoint plac\u00e9 en garde \u00e0 vue<\/a><\/p>\n","protected":false},"excerpt":{"rendered":"Une nouvelle d\u00e9couverte macabre a eu lieu \u00e0 Lille. En quelques jours \u00e0 peine, plusieurs corps de femmes&hellip;\n","protected":false},"author":2,"featured_media":624241,"comment_status":"","ping_status":"","sticky":false,"template":"","format":"standard","meta":{"footnotes":""},"categories":[2815],"tags":[1111,11,11247,1777,674,118,1011,27,29450,811,1307,777,12,25,797],"class_list":{"0":"post-624240","1":"post","2":"type-post","3":"status-publish","4":"format-standard","5":"has-post-thumbnail","7":"category-lille","8":"tag-actu","9":"tag-actualites","10":"tag-enquu00eate","11":"tag-eu","12":"tag-europe","13":"tag-faits-divers","14":"tag-fr","15":"tag-france","16":"tag-fu00e9minicide","17":"tag-hauts-de-france","18":"tag-lille","19":"tag-meurtre","20":"tag-news","21":"tag-republique-francaise","22":"tag-violences-faites-aux-femmes"},"share_on_mastodon":{"url":"https:\/\/pubeurope.com\/@fr\/115788652466692781","error":""},"_links":{"self":[{"href":"https:\/\/www.europesays.com\/fr\/wp-json\/wp\/v2\/posts\/624240","targetHints":{"allow":["GET"]}}],"collection":[{"href":"https:\/\/www.europesays.com\/fr\/wp-json\/wp\/v2\/posts"}],"about":[{"href":"https:\/\/www.europesays.com\/fr\/wp-json\/wp\/v2\/types\/post"}],"author":[{"embeddable":true,"href":"https:\/\/www.europesays.com\/fr\/wp-json\/wp\/v2\/users\/2"}],"replies":[{"embeddable":true,"href":"https:\/\/www.europesays.com\/fr\/wp-json\/wp\/v2\/comments?post=624240"}],"version-history":[{"count":0,"href":"https:\/\/www.europesays.com\/fr\/wp-json\/wp\/v2\/posts\/624240\/revisions"}],"wp:featuredmedia":[{"embeddable":true,"href":"https:\/\/www.europesays.com\/fr\/wp-json\/wp\/v2\/media\/624241"}],"wp:attachment":[{"href":"https:\/\/www.europesays.com\/fr\/wp-json\/wp\/v2\/media?parent=624240"}],"wp:term":[{"taxonomy":"category","embeddable":true,"href":"https:\/\/www.europesays.com\/fr\/wp-json\/wp\/v2\/categories?post=624240"},{"taxonomy":"post_tag","embeddable":true,"href":"https:\/\/www.europesays.com\/fr\/wp-json\/wp\/v2\/tags?post=624240"}],"curies":[{"name":"wp","href":"https:\/\/api.w.org\/{rel}","templated":true}]}}