{"id":624242,"date":"2025-12-27T00:16:27","date_gmt":"2025-12-27T00:16:27","guid":{"rendered":"https:\/\/www.europesays.com\/fr\/624242\/"},"modified":"2025-12-27T00:16:27","modified_gmt":"2025-12-27T00:16:27","slug":"la-maison-departementale-de-lutte-contre-les-discriminations-recoit-le-label-citoyen-de-lunesco","status":"publish","type":"post","link":"https:\/\/www.europesays.com\/fr\/624242\/","title":{"rendered":"La Maison D\u00e9partementale de Lutte contre les Discriminations re\u00e7oit le label citoyen de l\u2019UNESCO"},"content":{"rendered":"<p class=\"text-align-justify\">Mis en place par la fondation du Camp des Milles, ce dispositif national de labellisation citoyen s\u2019inscrit dans le prolongement de <a>la Chaire UNESCO <\/a>\u00ab\u00a0\u00c9ducation \u00e0 la citoyennet\u00e9, sciences de l\u2019Homme et convergence des m\u00e9moires \u00bb, port\u00e9e conjointement par la Fondation du Camp des Milles et Aix-Marseille Universit\u00e9.\u00a0<\/p>\n<p class=\"text-align-justify\">Cette journ\u00e9e a r\u00e9uni les r\u00e9f\u00e9rents du dispositif national de Labellisation citoyenne, des professionnels de l\u2019\u00e9ducation formelle et informelle, des collectivit\u00e9s territoriales ainsi que des structures publiques, associatives ou priv\u00e9es engag\u00e9es dans la pr\u00e9vention des extr\u00e9mismes, des racismes, de l\u2019antis\u00e9mitisme et des discriminations.<\/p>\n<p class=\"text-align-justify\">Soutenu par la DILCRAH et le D\u00e9fenseur des Droits, ce dispositif s\u2019adresse \u00e0 toute personne physique ou morale souhaitant d\u00e9velopper un projet citoyen sur les th\u00e8mes du racisme, de l\u2019antis\u00e9mitisme, des discriminations, de la x\u00e9nophobie ou des extr\u00e9mismes identitaires.<\/p>\n<p class=\"text-align-justify\">Le D\u00e9partement des Bouches-du-Rh\u00f4ne est engag\u00e9 dans la lutte contre toutes les formes de rejet de l\u2019autre<strong> <\/strong>et toutes les formes de violences, en particulier le harc\u00e8lement en milieu scolaire, les violences intrafamiliales, les violences li\u00e9es au genre et les violences li\u00e9es \u00e0 la sexualit\u00e9. <strong>En ce sens, la collectivit\u00e9 a d\u00e9cid\u00e9, en concertation avec les associations du territoire, de cr\u00e9er la MDLD afin de disposer d\u2019une structure d\u00e9di\u00e9e \u00e0 la question des discriminations sur le territoire et d\u2019en faire b\u00e9n\u00e9ficier la population.<\/strong><\/p>\n","protected":false},"excerpt":{"rendered":"Mis en place par la fondation du Camp des Milles, ce dispositif national de labellisation citoyen s\u2019inscrit dans&hellip;\n","protected":false},"author":2,"featured_media":624243,"comment_status":"","ping_status":"","sticky":false,"template":"","format":"standard","meta":{"footnotes":""},"categories":[2814],"tags":[1111,11,1777,674,1011,27,884,12,882,25],"class_list":{"0":"post-624242","1":"post","2":"type-post","3":"status-publish","4":"format-standard","5":"has-post-thumbnail","7":"category-marseille","8":"tag-actu","9":"tag-actualites","10":"tag-eu","11":"tag-europe","12":"tag-fr","13":"tag-france","14":"tag-marseille","15":"tag-news","16":"tag-provence-alpes-cote-dazur","17":"tag-republique-francaise"},"share_on_mastodon":{"url":"https:\/\/pubeurope.com\/@fr\/115788656459166072","error":""},"_links":{"self":[{"href":"https:\/\/www.europesays.com\/fr\/wp-json\/wp\/v2\/posts\/624242","targetHints":{"allow":["GET"]}}],"collection":[{"href":"https:\/\/www.europesays.com\/fr\/wp-json\/wp\/v2\/posts"}],"about":[{"href":"https:\/\/www.europesays.com\/fr\/wp-json\/wp\/v2\/types\/post"}],"author":[{"embeddable":true,"href":"https:\/\/www.europesays.com\/fr\/wp-json\/wp\/v2\/users\/2"}],"replies":[{"embeddable":true,"href":"https:\/\/www.europesays.com\/fr\/wp-json\/wp\/v2\/comments?post=624242"}],"version-history":[{"count":0,"href":"https:\/\/www.europesays.com\/fr\/wp-json\/wp\/v2\/posts\/624242\/revisions"}],"wp:featuredmedia":[{"embeddable":true,"href":"https:\/\/www.europesays.com\/fr\/wp-json\/wp\/v2\/media\/624243"}],"wp:attachment":[{"href":"https:\/\/www.europesays.com\/fr\/wp-json\/wp\/v2\/media?parent=624242"}],"wp:term":[{"taxonomy":"category","embeddable":true,"href":"https:\/\/www.europesays.com\/fr\/wp-json\/wp\/v2\/categories?post=624242"},{"taxonomy":"post_tag","embeddable":true,"href":"https:\/\/www.europesays.com\/fr\/wp-json\/wp\/v2\/tags?post=624242"}],"curies":[{"name":"wp","href":"https:\/\/api.w.org\/{rel}","templated":true}]}}