{"id":624244,"date":"2025-12-27T00:17:21","date_gmt":"2025-12-27T00:17:21","guid":{"rendered":"https:\/\/www.europesays.com\/fr\/624244\/"},"modified":"2025-12-27T00:17:21","modified_gmt":"2025-12-27T00:17:21","slug":"un-crack-bresilien-envoye-a-marseille","status":"publish","type":"post","link":"https:\/\/www.europesays.com\/fr\/624244\/","title":{"rendered":"Un crack br\u00e9silien envoy\u00e9 \u00e0 Marseille"},"content":{"rendered":"<p><b>L\u2019OM pourrait tenter un gros coup sur le march\u00e9 des transferts cet hiver. Roberto De Zerbi ne dirait pas non \u00e0 un renfort au poste de num\u00e9ro dix et le club phoc\u00e9en a tout int\u00e9r\u00eat \u00e0 regarder du c\u00f4t\u00e9 du Br\u00e9sil.<\/b><\/p>\n<p>Depuis le d\u00e9but de la saison, Roberto De Zerbi n\u2019a pas v\u00e9ritablement trouv\u00e9 son \u00e9quipe-type. En d\u00e9fense, l\u2019entra\u00eeneur italien a test\u00e9 toutes les formules possibles, au point de se passer de Benjamin Pavard ou encore de Leonardo Balerdi. Au milieu de terrain, le probl\u00e8me est le m\u00eame. En dehors de Pierre-Emile Hojbjerg, personne n\u2019est indiscutable et au poste de meneur de jeu, personne ne s\u2019est impos\u00e9. Angel Gomes, Darryl Bakola ou encore Matt O\u2019Riley ont \u00e9t\u00e9 test\u00e9s, mais Roberto De Zerbi n\u2019a pas encore trouv\u00e9 le joueur id\u00e9al, raison pour laquelle l\u2019OM pourrait se renforcer \u00e0 ce poste de num\u00e9ro dix cet hiver.<\/p>\n<\/p>\n<p><a href=\"https:\/\/www.foot01.com\/marseille\/om-de-zerbi-a-un-coup-de-coeur-a-8me-en-ligue-1\" target=\"_self\" rel=\"noopener\">Les noms de Ludovic Blas ou encore de Sofiane Diop ont d\u2019ailleurs \u00e9t\u00e9 \u00e9voqu\u00e9s<\/a> \u00e0 Marseille. Mais pour le site Foot Marseille, il y a meilleur \u00e0 aller chercher et pour moins cher. Le site sp\u00e9cialis\u00e9 conseille notamment aux dirigeants phoc\u00e9ens de regarder du c\u00f4t\u00e9 du Br\u00e9sil, o\u00f9 le profil de Jhon Jhon pourrait \u00eatre id\u00e9al avec un rapport qualit\u00e9\/prix quasiment imbattable.Jhon Jhon, une piste en or pour l&rsquo;OM ?\u00ab Milieu complet, dot\u00e9 d\u2019une palette technique \u00e9tendue, il excelle dans les espaces et influence fortement le jeu sur l\u2019aile. En pleine ascension au Red Bull Bragantino, il compte 10 buts et 7 passes d\u00e9cisives en 34 matchs de championnat. Estim\u00e9 \u00e0 9 millions d\u2019euros, c\u2019est un pari malin, dont le profil sud-am\u00e9ricain s\u2019accorde avec l\u2019ADN marseillais\u00a0\u00bb analyse le m\u00e9dia sp\u00e9cialis\u00e9 dans l\u2019actualit\u00e9 de l\u2019Olympique de Marseille. Medhi Benatia et Pablo Longoria auront sans doute du mal \u00e0 trouver un joueur aussi efficace et aussi jeune pour un prix aussi abordable en Europe. Reste \u00e0 voir si le club olympien prendra le risque de miser sur un Br\u00e9silien qui n\u2019a encore jamais quitt\u00e9 son pays lors du <a href=\"https:\/\/www.foot01.com\/mercato\" title=\"Mercato\" target=\"_blank\" rel=\"noopener\">mercato<\/a> hivernal. La piste a en tout cas le m\u00e9rite d\u2019\u00eatre int\u00e9ressante pour r\u00e9pondre \u00e0 un v\u00e9ritable besoin du c\u00f4t\u00e9 de l\u2019Olympique de Marseille \u00e0 ce poste de meneur de jeu.<\/p>\n","protected":false},"excerpt":{"rendered":"L\u2019OM pourrait tenter un gros coup sur le march\u00e9 des transferts cet hiver. Roberto De Zerbi ne dirait&hellip;\n","protected":false},"author":2,"featured_media":624245,"comment_status":"","ping_status":"","sticky":false,"template":"","format":"standard","meta":{"footnotes":""},"categories":[2814],"tags":[1111,11,1777,674,1011,27,884,1434,12,149,882,25],"class_list":{"0":"post-624244","1":"post","2":"type-post","3":"status-publish","4":"format-standard","5":"has-post-thumbnail","7":"category-marseille","8":"tag-actu","9":"tag-actualites","10":"tag-eu","11":"tag-europe","12":"tag-fr","13":"tag-france","14":"tag-marseille","15":"tag-mercato","16":"tag-news","17":"tag-om","18":"tag-provence-alpes-cote-dazur","19":"tag-republique-francaise"},"share_on_mastodon":{"url":"https:\/\/pubeurope.com\/@fr\/115788662657057916","error":""},"_links":{"self":[{"href":"https:\/\/www.europesays.com\/fr\/wp-json\/wp\/v2\/posts\/624244","targetHints":{"allow":["GET"]}}],"collection":[{"href":"https:\/\/www.europesays.com\/fr\/wp-json\/wp\/v2\/posts"}],"about":[{"href":"https:\/\/www.europesays.com\/fr\/wp-json\/wp\/v2\/types\/post"}],"author":[{"embeddable":true,"href":"https:\/\/www.europesays.com\/fr\/wp-json\/wp\/v2\/users\/2"}],"replies":[{"embeddable":true,"href":"https:\/\/www.europesays.com\/fr\/wp-json\/wp\/v2\/comments?post=624244"}],"version-history":[{"count":0,"href":"https:\/\/www.europesays.com\/fr\/wp-json\/wp\/v2\/posts\/624244\/revisions"}],"wp:featuredmedia":[{"embeddable":true,"href":"https:\/\/www.europesays.com\/fr\/wp-json\/wp\/v2\/media\/624245"}],"wp:attachment":[{"href":"https:\/\/www.europesays.com\/fr\/wp-json\/wp\/v2\/media?parent=624244"}],"wp:term":[{"taxonomy":"category","embeddable":true,"href":"https:\/\/www.europesays.com\/fr\/wp-json\/wp\/v2\/categories?post=624244"},{"taxonomy":"post_tag","embeddable":true,"href":"https:\/\/www.europesays.com\/fr\/wp-json\/wp\/v2\/tags?post=624244"}],"curies":[{"name":"wp","href":"https:\/\/api.w.org\/{rel}","templated":true}]}}