{"id":624252,"date":"2025-12-27T00:24:18","date_gmt":"2025-12-27T00:24:18","guid":{"rendered":"https:\/\/www.europesays.com\/fr\/624252\/"},"modified":"2025-12-27T00:24:18","modified_gmt":"2025-12-27T00:24:18","slug":"trois-femmes-blessees-apres-une-agression-au-couteau-dans-le-metro","status":"publish","type":"post","link":"https:\/\/www.europesays.com\/fr\/624252\/","title":{"rendered":"trois femmes bless\u00e9es apr\u00e8s une agression au couteau dans le m\u00e9tro"},"content":{"rendered":"<p>Trois femmes ont \u00e9t\u00e9 bless\u00e9es vendredi 26\u00a0d\u00e9cembre avec une arme blanche dans le m\u00e9tro parisien par un individu qui a pris la fuite, a annonc\u00e9 l\u2019op\u00e9rateur public des transports parisiens (RATP). Les agressions ont eu lieu aux stations desservies par la ligne 3 Arts et M\u00e9tiers, R\u00e9publique et Op\u00e9ra, en plein centre de Paris, \u00ab\u00a0entre 16\u00a0h\u00a015 et 16\u00a0h\u00a045\u00a0\u00bb, a pr\u00e9cis\u00e9 la RATP.<\/p>\n<p>\u00ab\u00a0L\u2019agresseur a pris la fuite\u00a0\u00bb et une enqu\u00eate de police a \u00e9t\u00e9 ouverte pour interpeller l\u2019individu, selon la m\u00eame source. \u00ab\u00a0Les victimes ont \u00e9t\u00e9 rapidement prises en charge par les pompiers. La police s\u2019est rendue sur place. Des \u00e9quipes de s\u00e9curit\u00e9 ont \u00e9t\u00e9 d\u00e9ploy\u00e9es en renfort pour s\u00e9curiser la ligne\u00a0\u00bb, ajoute la RATP.<\/p>\n<p>L\u2019homme soup\u00e7onn\u00e9 d\u2019avoir agress\u00e9 au couteau a \u00e9t\u00e9 interpell\u00e9 en fin d\u2019apr\u00e8s-midi, a indiqu\u00e9 le parquet de Paris. Vers 16\u00a0heures, un homme a \u00ab\u00a0agress\u00e9 au couteau trois femmes sur la ligne 3 du m\u00e9tro, successivement aux stations R\u00e9publique, Arts et M\u00e9tiers et Op\u00e9ra\u00a0\u00bb, a expliqu\u00e9 le parquet. Il a pu \u00eatre identifi\u00e9 \u00ab\u00a0gr\u00e2ce aux images de vid\u00e9osurveillance\u00a0\u00bb\u00a0: \u00ab\u00a0la mise en \u0153uvre de la g\u00e9olocalisation de son t\u00e9l\u00e9phone portable a permis son interpellation en fin d\u2019apr\u00e8s-midi dans le Val-d\u2019Oise\u00a0\u00bb, a-t-on pr\u00e9cis\u00e9 de m\u00eame source.<\/p>\n<p>\u00ab\u00a0Attention sp\u00e9cifique\u00a0\u00bb sur les transports en commun<\/p>\n<p>Le ministre de l\u2019Int\u00e9rieur Laurent Nu\u00f1ez avait appel\u00e9 la semaine pass\u00e9e les pr\u00e9fets et responsables de la s\u00e9curit\u00e9 \u00e0 \u00ab\u00a0une vigilance maximale\u00a0\u00bb<a href=\"https:\/\/www.la-croix.com\/politique\/marches-de-noel-laurent-nunez-demande-aux-prefets-une-securisation-renforcee-20251203\" data-tracking=\"inpage_click\" data-tracking-action=\"lire un article\" data-tracking-category=\"recirculation\" target=\"_blank\" rel=\"noopener\"> \u00e0 l\u2019approche des festivit\u00e9s du Nouvel an<\/a>, selon un t\u00e9l\u00e9gramme.<\/p>\n<p>En raison \u00ab\u00a0du niveau tr\u00e8s \u00e9lev\u00e9 de la menace terroriste\u00a0\u00bb et \u00ab\u00a0des risques de troubles \u00e0 l\u2019ordre public\u00a0\u00bb, le ministre a demand\u00e9 aux responsables locaux de \u00ab\u00a0renforcer les dispositifs de s\u00e9curit\u00e9 sur l\u2019ensemble du territoire\u00a0\u00bb en mettant en place \u00ab\u00a0une pr\u00e9sence visible et dissuasive\u00a0\u00bb.<\/p>\n<p>Il avait notamment souhait\u00e9 qu\u2019\u00ab\u00a0une attention sp\u00e9cifique\u00a0\u00bb soit port\u00e9e \u00ab\u00a0aux transports en commun\u00a0\u00bb.<\/p>\n","protected":false},"excerpt":{"rendered":"Trois femmes ont \u00e9t\u00e9 bless\u00e9es vendredi 26\u00a0d\u00e9cembre avec une arme blanche dans le m\u00e9tro parisien par un individu&hellip;\n","protected":false},"author":2,"featured_media":624253,"comment_status":"","ping_status":"","sticky":false,"template":"","format":"standard","meta":{"footnotes":""},"categories":[1888],"tags":[1111,1928,11,1927,1777,674,1011,27,12,1926,626,1925,25],"class_list":{"0":"post-624252","1":"post","2":"type-post","3":"status-publish","4":"format-standard","5":"has-post-thumbnail","7":"category-paris","8":"tag-actu","9":"tag-actu-paris","10":"tag-actualites","11":"tag-actualites-paris","12":"tag-eu","13":"tag-europe","14":"tag-fr","15":"tag-france","16":"tag-news","17":"tag-news-paris","18":"tag-paris","19":"tag-paris-news","20":"tag-republique-francaise"},"share_on_mastodon":{"url":"https:\/\/pubeurope.com\/@fr\/115788687751321731","error":""},"_links":{"self":[{"href":"https:\/\/www.europesays.com\/fr\/wp-json\/wp\/v2\/posts\/624252","targetHints":{"allow":["GET"]}}],"collection":[{"href":"https:\/\/www.europesays.com\/fr\/wp-json\/wp\/v2\/posts"}],"about":[{"href":"https:\/\/www.europesays.com\/fr\/wp-json\/wp\/v2\/types\/post"}],"author":[{"embeddable":true,"href":"https:\/\/www.europesays.com\/fr\/wp-json\/wp\/v2\/users\/2"}],"replies":[{"embeddable":true,"href":"https:\/\/www.europesays.com\/fr\/wp-json\/wp\/v2\/comments?post=624252"}],"version-history":[{"count":0,"href":"https:\/\/www.europesays.com\/fr\/wp-json\/wp\/v2\/posts\/624252\/revisions"}],"wp:featuredmedia":[{"embeddable":true,"href":"https:\/\/www.europesays.com\/fr\/wp-json\/wp\/v2\/media\/624253"}],"wp:attachment":[{"href":"https:\/\/www.europesays.com\/fr\/wp-json\/wp\/v2\/media?parent=624252"}],"wp:term":[{"taxonomy":"category","embeddable":true,"href":"https:\/\/www.europesays.com\/fr\/wp-json\/wp\/v2\/categories?post=624252"},{"taxonomy":"post_tag","embeddable":true,"href":"https:\/\/www.europesays.com\/fr\/wp-json\/wp\/v2\/tags?post=624252"}],"curies":[{"name":"wp","href":"https:\/\/api.w.org\/{rel}","templated":true}]}}