{"id":624254,"date":"2025-12-27T00:26:16","date_gmt":"2025-12-27T00:26:16","guid":{"rendered":"https:\/\/www.europesays.com\/fr\/624254\/"},"modified":"2025-12-27T00:26:16","modified_gmt":"2025-12-27T00:26:16","slug":"dans-le-metro-a-paris-trois-femmes-blessees-apres-des-agressions-au-couteau","status":"publish","type":"post","link":"https:\/\/www.europesays.com\/fr\/624254\/","title":{"rendered":"Dans le m\u00e9tro \u00e0 Paris, trois femmes bless\u00e9es apr\u00e8s des agressions au couteau"},"content":{"rendered":"<p>        <img decoding=\"async\" loading=\"lazy\" src=\"https:\/\/www.europesays.com\/fr\/wp-content\/uploads\/2025\/12\/0648b58_upload-1-dudwujvichme-afp-20241227-hl-smouchmouche-2616495-v1-highres-franceparistransportsm.jpeg\"  width=\"728\" height=\"409\" alt=\"Sur la ligne 3\u00a0du m\u00e9tro parisien, trois femmes ont \u00e9t\u00e9 bless\u00e9es dans des aggressions \u00e0 l\u2019arme blanche aux stations R\u00e9publique, Arts et M\u00e9tiers et Op\u00e9ra (photo d\u2019illustration).\"\/>  <\/p>\n<p>STEPHANE MOUCHMOUCHE \/ Hans Lucas via AFP<\/p>\n<p>Sur la ligne 3\u00a0du m\u00e9tro parisien, trois femmes ont \u00e9t\u00e9 bless\u00e9es dans des aggressions \u00e0 l\u2019arme blanche aux stations R\u00e9publique, Arts et M\u00e9tiers et Op\u00e9ra (photo d\u2019illustration).<\/p>\n<p class=\"asset asset-text\">Un homme \u00e9tait initialement recherch\u00e9 par la police ce vendredi 26\u00a0d\u00e9cembre \u00e0 Paris, apr\u00e8s trois agressions \u00e0 l\u2019arme blanche successives dans <a href=\"https:\/\/www.huffingtonpost.fr\/life\/article\/l-anecdote-de-cette-mere-illustre-parfaitement-la-galere-des-parents-dans-le-metro-parisien_257978.html\" target=\"_blank\" rel=\"noopener\">le m\u00e9tro de la capitale<\/a>. Mais rapidement, une interpellation de l\u2019auteur pr\u00e9sum\u00e9 des faits, \u00e2g\u00e9 de 25\u00a0ans, a \u00e9t\u00e9 annonc\u00e9e par le parquet de Paris.<\/p>\n<p class=\"asset asset-text\">\u00ab\u00a0Entre 16H15 et 16H45\u00a0\u00bb, d\u2019apr\u00e8s la RATP, les agressions ont eu lieu aux stations desservies par la ligne 3 Arts et M\u00e9tiers, R\u00e9publique et Op\u00e9ra, en plein centre de <a href=\"https:\/\/www.huffingtonpost.fr\/politique\/article\/le-plan-grand-froid-toujous-pas-active-a-paris-la-mairie-et-ces-elus-le-reclame-au-prefet_258633.html\" target=\"_blank\" rel=\"noopener\">Paris<\/a>. Et l\u2019op\u00e9rateur public des transports parisiens indique avoir retrouv\u00e9 trois femmes bless\u00e9es par un individu qui a pris la fuite.<\/p>\n<p class=\"asset asset-text\">\u00ab\u00a0Les victimes ont \u00e9t\u00e9 rapidement prises en charge par les pompiers. La police s\u2019est rendue sur place. Des \u00e9quipes de s\u00e9curit\u00e9 ont \u00e9t\u00e9 d\u00e9ploy\u00e9es en renfort pour s\u00e9curiser la ligne\u00a0\u00bb, ajoute la RATP aupr\u00e8s de l\u2019AFP.<\/p>\n<p class=\"asset asset-text\">Deux des \u00ab\u00a0victimes ont \u00e9t\u00e9 prises en charge par les secours et transport\u00e9es en milieu hospitalier sans pronostic vital engag\u00e9\u00a0\u00bb, tandis que la troisi\u00e8me s\u2019est pr\u00e9sent\u00e9e elle-m\u00eame \u00e0 l\u2019h\u00f4pital, a depuis indiqu\u00e9 la pr\u00e9fecture de police. Et selon les sources concordantes du <a href=\"https:\/\/www.leparisien.fr\/faits-divers\/paris-trois-femmes-poignardees-dans-le-metro-par-un-homme-26-12-2025-6SINKZU5ZNDAJNV5OBXLQJIMWE.php\" target=\"_blank\" rel=\"noopener\" title=\"Nouvelle fen\u00eatre\">Parisien<\/a> et du <a href=\"https:\/\/www.lefigaro.fr\/faits-divers\/trois-femmes-blessees-a-l-arme-blanche-dans-le-metro-parisien-l-agresseur-aurait-ete-interpelle-a-sarcelles-20251226\" target=\"_blank\" rel=\"noopener\" title=\"Nouvelle fen\u00eatre\">Figaro<\/a>, les blessures des trois victimes seraient relativement l\u00e9g\u00e8res. \u00ab\u00a0Les victimes de l\u2019agression sont ce soir dans un \u00e9tat rassurant. Aucun pronostic vital n\u2019est engag\u00e9\u00a0\u00bb, a depuis confi\u00e9 le ministre des Transports Philippe Tabarot <a href=\"https:\/\/x.com\/PhilippeTabarot\/status\/2004646443148345558\" target=\"_blank\" rel=\"noopener\" title=\"Nouvelle fen\u00eatre\">sur X<\/a>.<\/p>\n<p>                     <strong>Un homme interpell\u00e9 gr\u00e2ce \u00e0 la vid\u00e9osurveillance<\/strong>    <\/p>\n<p class=\"asset asset-text\">\u00ab\u00a0L\u2019agresseur a pris la fuite\u00a0\u00bb avait d\u2019abord indiqu\u00e9 le parquet de Paris, annon\u00e7ant au passage l\u2019ouverture d\u2019une enqu\u00eate de police pour interpeller l\u2019individu. Comme l\u2019a d\u2019abord indiqu\u00e9 Le Figaro ce vendredi, un homme a \u00e9t\u00e9 interpell\u00e9 \u00e0 son domicile, \u00e0 Sarcelles dans le Val-d\u2019Oise, en fin d\u2019apr\u00e8s-midi. Le parquet de Paris a ensuite confirm\u00e9 que l\u2019individu soup\u00e7onn\u00e9 des trois agressions au couteau avait \u00e9t\u00e9 interpell\u00e9 apr\u00e8s avoir \u00e9t\u00e9 identifi\u00e9 \u00ab\u00a0gr\u00e2ce aux images de vid\u00e9osurveillance\u00a0\u00bb. Il \u00e9tait d\u00e9j\u00e0 connu des services de police pour divers faits dont des atteintes aux biens.<\/p>\n<p class=\"asset asset-text\">\u00ab\u00a0La mise en \u0153uvre de la g\u00e9olocalisation de son t\u00e9l\u00e9phone portable a permis son interpellation en fin d\u2019apr\u00e8s-midi dans le Val-d\u2019Oise\u00a0\u00bb, est-il \u00e9galement pr\u00e9cis\u00e9 par le parquet.<\/p>\n<p class=\"asset asset-text\">\u00ab\u00a0Les investigations se poursuivent afin d\u2019\u00e9tablir les circonstances exactes et motivations de ces agressions\u00a0\u00bb, a r\u00e9agi en d\u00e9but de soir\u00e9e le ministre des Transports. \u00ab\u00a0Des \u00e9quipes de s\u00e9curit\u00e9 ont \u00e9t\u00e9 d\u00e9ploy\u00e9es en renfort pour s\u00e9curiser la ligne 3\u00a0\u00bb , a pr\u00e9cis\u00e9 de son c\u00f4t\u00e9 la RATP.<\/p>\n<p> La lecture de ce contenu est susceptible d\u2019entra\u00eener un d\u00e9p\u00f4t de cookies de la part de l\u2019op\u00e9rateur tiers qui l\u2019h\u00e9berge. Compte-tenu des choix que vous avez exprim\u00e9s en mati\u00e8re de d\u00e9p\u00f4t de cookies, nous avons bloqu\u00e9 l\u2019affichage de ce contenu. Si vous souhaitez y acc\u00e9der, vous devez accepter la cat\u00e9gorie de cookies \u201cContenus tiers\u201d en cliquant sur le bouton ci-dessous. <\/p>\n<p> Lire la Vid\u00e9o        <\/p>\n<p class=\"asset asset-text\">Le ministre de l\u2019Int\u00e9rieur Laurent Nunez avait appel\u00e9 la semaine pass\u00e9e les pr\u00e9fets et responsables de la s\u00e9curit\u00e9 \u00e0 \u00ab\u00a0une vigilance maximale\u00a0\u00bb \u00e0 l\u2019approche des festivit\u00e9s du Nouvel an, selon un t\u00e9l\u00e9gramme dont l\u2019AFP a eu connaissance. Il avait notamment souhait\u00e9 qu\u2019\u00ab\u00a0une attention sp\u00e9cifique\u00a0\u00bb soit port\u00e9e \u00ab\u00a0aux transports en commun\u00a0\u00bb.<\/p>\n","protected":false},"excerpt":{"rendered":"STEPHANE MOUCHMOUCHE \/ Hans Lucas via AFP Sur la ligne 3\u00a0du m\u00e9tro parisien, trois femmes ont \u00e9t\u00e9 bless\u00e9es&hellip;\n","protected":false},"author":2,"featured_media":624255,"comment_status":"","ping_status":"","sticky":false,"template":"","format":"standard","meta":{"footnotes":""},"categories":[1888],"tags":[1111,1928,11,1927,1120,1777,674,118,1011,27,4047,12,1926,626,1925,25],"class_list":{"0":"post-624254","1":"post","2":"type-post","3":"status-publish","4":"format-standard","5":"has-post-thumbnail","7":"category-paris","8":"tag-actu","9":"tag-actu-paris","10":"tag-actualites","11":"tag-actualites-paris","12":"tag-agression","13":"tag-eu","14":"tag-europe","15":"tag-faits-divers","16":"tag-fr","17":"tag-france","18":"tag-metro","19":"tag-news","20":"tag-news-paris","21":"tag-paris","22":"tag-paris-news","23":"tag-republique-francaise"},"share_on_mastodon":{"url":"https:\/\/pubeurope.com\/@fr\/115788696574456039","error":""},"_links":{"self":[{"href":"https:\/\/www.europesays.com\/fr\/wp-json\/wp\/v2\/posts\/624254","targetHints":{"allow":["GET"]}}],"collection":[{"href":"https:\/\/www.europesays.com\/fr\/wp-json\/wp\/v2\/posts"}],"about":[{"href":"https:\/\/www.europesays.com\/fr\/wp-json\/wp\/v2\/types\/post"}],"author":[{"embeddable":true,"href":"https:\/\/www.europesays.com\/fr\/wp-json\/wp\/v2\/users\/2"}],"replies":[{"embeddable":true,"href":"https:\/\/www.europesays.com\/fr\/wp-json\/wp\/v2\/comments?post=624254"}],"version-history":[{"count":0,"href":"https:\/\/www.europesays.com\/fr\/wp-json\/wp\/v2\/posts\/624254\/revisions"}],"wp:featuredmedia":[{"embeddable":true,"href":"https:\/\/www.europesays.com\/fr\/wp-json\/wp\/v2\/media\/624255"}],"wp:attachment":[{"href":"https:\/\/www.europesays.com\/fr\/wp-json\/wp\/v2\/media?parent=624254"}],"wp:term":[{"taxonomy":"category","embeddable":true,"href":"https:\/\/www.europesays.com\/fr\/wp-json\/wp\/v2\/categories?post=624254"},{"taxonomy":"post_tag","embeddable":true,"href":"https:\/\/www.europesays.com\/fr\/wp-json\/wp\/v2\/tags?post=624254"}],"curies":[{"name":"wp","href":"https:\/\/api.w.org\/{rel}","templated":true}]}}