{"id":624258,"date":"2025-12-27T00:28:14","date_gmt":"2025-12-27T00:28:14","guid":{"rendered":"https:\/\/www.europesays.com\/fr\/624258\/"},"modified":"2025-12-27T00:28:14","modified_gmt":"2025-12-27T00:28:14","slug":"a-paris-lappartement-de-jacques-prevert-une-capsule-temporelle-sauvee-in-extremis-reportage-culture","status":"publish","type":"post","link":"https:\/\/www.europesays.com\/fr\/624258\/","title":{"rendered":"\u00c0 Paris, l&rsquo;appartement de Jacques Pr\u00e9vert, une capsule temporelle sauv\u00e9e in extremis &#8211; Reportage culture"},"content":{"rendered":"<p>\n                                                \u00c0 Paris, les appartements de Jacques Pr\u00e9vert et de Boris Vian sont sauv\u00e9s. Les deux logements, laiss\u00e9s \u00e0 l\u2019identique\u00a0depuis cinquante ans, risquaient de dispara\u00eetre, menac\u00e9s par un projet d\u2019expansion du Moulin Rouge, le propri\u00e9taire des lieux. Un accord a finalement \u00e9t\u00e9 trouv\u00e9.\u00a0Depuis des mois, la petite-fille de Jacques Pr\u00e9vert, Eug\u00e9nie Bachelot-Pr\u00e9vert, se battait pour sauver ce patrimoine historique.\u00a0                    <\/p>\n<p>Combien de touristes passent \u00e0 c\u00f4t\u00e9 de ce petit bijou sans m\u00eame le savoir ? Pour acc\u00e9der aux appartements de Jacques Pr\u00e9vert et de Boris Vian, dans le quartier Pigalle (XVIIIe arrondissement), il faut emprunter une petite ruelle adoss\u00e9e au Moulin Rouge. Tout au fond se trouve une petite b\u00e2tisse. L\u00e0, derri\u00e8re une lourde porte du deuxi\u00e8me \u00e9tage, se cache l\u2019appartement dans lequel Jacques Pr\u00e9vert a v\u00e9cu de 1954 \u00e0 1975, juste avant sa mort en 1977.\u00a0\u00a0<\/p>\n<p>De la table de travail du po\u00e8te au fauteuil consacr\u00e9 \u00e0 sa sieste \u2013 et qui porte encore la trace de sa sueur \u2013, tout a \u00e9t\u00e9 conserv\u00e9 \u00e0 l\u2019identique. Un\u00a0petit miracle que l\u2019on doit \u00e0 Eug\u00e9nie Bachelot-Pr\u00e9vert, la petite-fille et unique ayant droit de l\u2019auteur.\u00a0\u00a0<\/p>\n<p> Un\u00a0v\u00e9ritable inventaire \u00e0 la Pr\u00e9vert\u00a0 <\/p>\n<p>Ici, un pape lumineux ; l\u00e0, une carte postale qui fait du bruit lorsque l\u2019on appuie dessus. \u00ab Il y a tout l\u2019univers de Jacques Pr\u00e9vert dans son bureau, comme un cabinet de curiosit\u00e9s \u00bb,\u00a0raconte Eug\u00e9nie Bachelot-Pr\u00e9vert. Un monde fantasque, aux accents\u00a0malicieux, et surtout plein d\u2019humour. \u00ab Les surr\u00e9alistes adorent les farces et attrapes, il y en a plein ici \u00bb,\u00a0explique encore celle qui est aujourd\u2019hui artiste.\u00a0\u00a0<\/p>\n<p>Mais l\u2019appartement et ses 100 m\u00b2 sont aussi une v\u00e9ritable capsule temporelle. Il y a d\u2019abord les murs eux-m\u00eames : l\u2019endroit a \u00e9t\u00e9 am\u00e9nag\u00e9 par Jacques\u00a0Cou\u00eblle,\u00a0architecte-sculpteur embl\u00e9matique du milieu du si\u00e8cle dernier. C\u2019est lui qui a pens\u00e9 ces murs blanchis \u00e0 la chaux, gr\u00eal\u00e9s de dizaines de petites niches de rangement, dans une ambiance m\u00e9diterran\u00e9enne.\u00a0<\/p>\n<p>Et puis il y a ces objets, qui t\u00e9moignent de l\u2019actualit\u00e9 d\u2019une \u00e9poque : une lampe de mineur, offerte par les gr\u00e9vistes de 1963 \u2013\u00a0Jacques Pr\u00e9vert avait publiquement soutenu le mouvement\u00a0\u2013\u00a0; des portraits diss\u00e9min\u00e9s de Brigitte Bardot, que le po\u00e8te admirait\u00a0; un vieux t\u00e9l\u00e9phone \u00e0 cadran ; et m\u00eame le lit d&rsquo;Esmeralda, interpr\u00e9t\u00e9e par Gina Lollobrigida dans le film Notre-Dame de Paris sorti en\u00a01956.<\/p>\n<p><img decoding=\"async\" fetchpriority=\"low\" src=\"https:\/\/www.europesays.com\/fr\/wp-content\/uploads\/2025\/12\/1000099924.jpg\"   alt=\"La chambre de Mich\u00e8le Pr\u00e9vert, la fille de Jacques Pr\u00e9vert, et son lit tir\u00e9 du d\u00e9cor du film Notre Dame de Paris (1956).\" style=\"max-height:638px\" loading=\"lazy\" class=\"a-img \"\/><\/p>\n<p>                La chambre de Mich\u00e8le Pr\u00e9vert, la fille de Jacques Pr\u00e9vert, et son lit tir\u00e9 du d\u00e9cor du film Notre Dame de Paris (1956).                \u00a9 L\u00e9a Boutin-Rivi\u00e8re \/ RFI            <\/p>\n<p>         Des souvenirs dans un \u00e9crin, un temps menac\u00e9s\u00a0 <\/p>\n<p>Le mat\u00e9riel, c\u2019est une chose ; le vivant en est une autre. De la vie, cet appartement en a connu : \u00ab\u00a0Jean Gabin est venu ici fumer des cigarettes avec mon grand-p\u00e8re ; Arletty y a lu un texte&#8230; Sur cette table [dans la pi\u00e8ce \u00e0 vivre],\u00a0Serge Gainsbourg est venu, solennellement et timidement, demander l\u2019autorisation \u00e0 Jacques Pr\u00e9vert d\u2019utiliser son nom pour sa chanson, la chanson de Pr\u00e9vert. Il l\u2019a chant\u00e9e \u00e0 mon grand-p\u00e8re qui a dit\u00a0: \u00ab\u00a0C&rsquo;est tr\u00e8s bien, mon\u00a0p\u2019tit\u00a0gars\u00a0\u00bb, puis ils ont ouvert une bouteille de champagne \u00e0 10 heures. \u00bb<\/p>\n<p>Une foule de souvenirs qui ont failli dispara\u00eetre lorsque le Moulin Rouge, propri\u00e9taire des lieux, a refus\u00e9 de renouveler le bail, sans concertation pr\u00e9alable. Il s\u2019agissait, pour le c\u00e9l\u00e8bre cabaret, de mener d\u2019importants travaux afin de r\u00e9habiliter la salle historique dans laquelle se produisait la chanteuse Mistinguett. \u00ab\u00a0L\u2019appartement de Jacques Pr\u00e9vert repr\u00e9sente 0,67\u00a0% de la superficie totale du Moulin Rouge, c\u2019est une goutte d\u2019eau. Il n\u2019y a pas un patrimoine qui doit en \u00e9crabouiller un autre\u00a0\u00bb, se d\u00e9solait \u00e0 l\u2019\u00e9poque\u00a0Eug\u00e9nie Bachelot-Pr\u00e9vert.\u00a0\u00a0<\/p>\n<p>Courriers adress\u00e9s au minist\u00e8re de la Culture, p\u00e9tition en ligne, demandes de conciliation. Rien ne semblait y faire, jusqu\u2019\u00e0 un rendez-vous fin d\u00e9cembre\u00a0au cours duquel un accord de principe, formul\u00e9 oralement, a \u00e9t\u00e9 trouv\u00e9. \u00ab\u00a0Cela nous a donn\u00e9 l\u2019occasion de discuter, ce qui aurait d\u00fb \u00eatre fait d\u00e8s le d\u00e9but,\u00a0relate l\u2019unique ayant-droit de Jacques Pr\u00e9vert.\u00a0En fait, on a eu l\u2019impression d\u2019un grand malentendu. \u00bb<\/p>\n<p>Les termes de l\u2019accord restent encore \u00e0 d\u00e9finir mais l\u2019appartement de Jacques Pr\u00e9vert et celui de son voisin, Boris Vian, pourraient \u00eatre transform\u00e9s en mus\u00e9e.\u00a0\u00ab\u00a0Tout est \u00e0 inventer, pointe Eug\u00e9nie Bachelot-Pr\u00e9vert. Mais j\u2019ai confiance, cela va \u00eatre fait en bonne intelligence.\u00a0\u00bb En attendant, pour \u00e9viter toute frayeur \u00e0 l\u2019avenir, elle a pris une d\u00e9cision : les d\u00e9marches pour que l\u2019appartement soit class\u00e9 aux monuments historiques ont \u00e9t\u00e9 lanc\u00e9es.<\/p>\n<p class=\"a-read-more\">\u00c0 \u00e9couter aussi<a href=\"https:\/\/www.rfi.fr\/fr\/podcasts\/d\u00e9cryptage\/20251204-notre-dame-de-paris-le-miracle-touristique\" target=\"_self\" class=\"a-read-more__link\" rel=\"noopener\">Notre-Dame de Paris, le miracle touristique<\/a><\/p>\n","protected":false},"excerpt":{"rendered":"\u00c0 Paris, les appartements de Jacques Pr\u00e9vert et de Boris Vian sont sauv\u00e9s. Les deux logements, laiss\u00e9s \u00e0&hellip;\n","protected":false},"author":2,"featured_media":624259,"comment_status":"","ping_status":"","sticky":false,"template":"","format":"standard","meta":{"footnotes":""},"categories":[1888],"tags":[11,251,1777,674,1011,27,1351,12,626,2551,3292,25],"class_list":{"0":"post-624258","1":"post","2":"type-post","3":"status-publish","4":"format-standard","5":"has-post-thumbnail","7":"category-paris","8":"tag-actualites","9":"tag-culture","10":"tag-eu","11":"tag-europe","12":"tag-fr","13":"tag-france","14":"tag-litterature","15":"tag-news","16":"tag-paris","17":"tag-patrimoine","18":"tag-reportage-culture","19":"tag-republique-francaise"},"share_on_mastodon":{"url":"https:\/\/pubeurope.com\/@fr\/115788704019915057","error":""},"_links":{"self":[{"href":"https:\/\/www.europesays.com\/fr\/wp-json\/wp\/v2\/posts\/624258","targetHints":{"allow":["GET"]}}],"collection":[{"href":"https:\/\/www.europesays.com\/fr\/wp-json\/wp\/v2\/posts"}],"about":[{"href":"https:\/\/www.europesays.com\/fr\/wp-json\/wp\/v2\/types\/post"}],"author":[{"embeddable":true,"href":"https:\/\/www.europesays.com\/fr\/wp-json\/wp\/v2\/users\/2"}],"replies":[{"embeddable":true,"href":"https:\/\/www.europesays.com\/fr\/wp-json\/wp\/v2\/comments?post=624258"}],"version-history":[{"count":0,"href":"https:\/\/www.europesays.com\/fr\/wp-json\/wp\/v2\/posts\/624258\/revisions"}],"wp:featuredmedia":[{"embeddable":true,"href":"https:\/\/www.europesays.com\/fr\/wp-json\/wp\/v2\/media\/624259"}],"wp:attachment":[{"href":"https:\/\/www.europesays.com\/fr\/wp-json\/wp\/v2\/media?parent=624258"}],"wp:term":[{"taxonomy":"category","embeddable":true,"href":"https:\/\/www.europesays.com\/fr\/wp-json\/wp\/v2\/categories?post=624258"},{"taxonomy":"post_tag","embeddable":true,"href":"https:\/\/www.europesays.com\/fr\/wp-json\/wp\/v2\/tags?post=624258"}],"curies":[{"name":"wp","href":"https:\/\/api.w.org\/{rel}","templated":true}]}}