{"id":624264,"date":"2025-12-27T00:32:11","date_gmt":"2025-12-27T00:32:11","guid":{"rendered":"https:\/\/www.europesays.com\/fr\/624264\/"},"modified":"2025-12-27T00:32:11","modified_gmt":"2025-12-27T00:32:11","slug":"au-royaume-uni-toutes-les-familles-sont-sommees-darreter-ce-spray-ecolo-de-jardin-qui-met-en-peril-les-oiseaux","status":"publish","type":"post","link":"https:\/\/www.europesays.com\/fr\/624264\/","title":{"rendered":"Au Royaume-Uni, toutes les familles sont somm\u00e9es d&rsquo;arr\u00eater ce spray \u00e9colo de jardin qui met en p\u00e9ril les oiseaux"},"content":{"rendered":"<p>Au Royaume-Uni, les familles qui bichonnent leur coin de verdure<br \/>\nre\u00e7oivent un message clair : arr\u00eater net d\u2019utiliser un produit<br \/>\npourtant pr\u00e9sent\u00e9 comme respectueux de la nature. Dans les jardins,<br \/>\nsur les terrasses et autour des potagers, ce geste devenu banal<br \/>\nserait en train de mettre en p\u00e9ril la petite faune qui y trouve<br \/>\nrefuge.<\/p>\n<p>\u00c0 l\u2019origine de cette mise en garde, un sp\u00e9cialiste britannique<br \/>\ndes semences, David Fryer, responsable technique chez Mr<br \/>\nFothergill\u2019s. Il vise les <strong>sprays \u00e9colos<\/strong>, ces<br \/>\npesticides dits naturels que l\u2019on vaporise pour chasser pucerons ou<br \/>\nmaladies. Ils sont cens\u00e9s prot\u00e9ger les plantes et m\u00eame les l\u00e9gumes,<br \/>\nmais leur usage massif inqui\u00e8te d\u00e9sormais pour une autre raison. Et<br \/>\nles oiseaux en feraient les frais.<\/p>\n<p>Sprays \u00e9colos : le produit dans le viseur des familles<br \/>\nbritanniques<\/p>\n<p>Un <strong>\u00e9co-spray<\/strong> reste un pesticide, m\u00eame si son<br \/>\n\u00e9tiquette affiche huiles v\u00e9g\u00e9tales, savons noirs, ail ou piment.<br \/>\nCes produits sont con\u00e7us pour agir sur les ravageurs tout en se<br \/>\nvoulant doux pour l\u2019environnement, les animaux de compagnie et les<br \/>\nplantes comestibles. Beaucoup de foyers les utilisent sur rosiers,<br \/>\nmassifs ou salades, persuad\u00e9s d\u2019opter pour la solution la plus<br \/>\nverte.<\/p>\n<p>Le technicien met pourtant en garde : \u00ab\u00a0M\u00eame les sprays naturels<br \/>\nou \u00ab\u00a0\u00e9co&rsquo; peuvent nuire aux insectes et aux oiseaux que vous voulez<br \/>\nencourager. Laissez plut\u00f4t l\u2019\u00e9cosyst\u00e8me de votre jardin faire le<br \/>\ntravail\u00a0\u00bb, a d\u00e9clar\u00e9 David Fryer, responsable technique chez Mr<br \/>\nFothergill\u2019s, cit\u00e9 par le m\u00e9dia DevonLive. Il ajoute : \u00ab\u00a0Un jardin<br \/>\nfavorable \u00e0 la faune attire naturellement des pr\u00e9dateurs qui g\u00e8rent<br \/>\nles ravageurs, comme les coccinelles, les syrphes et les chrysopes,<br \/>\nr\u00e9duisant compl\u00e8tement le besoin de produits chimiques.\u00a0\u00bb<\/p>\n<p>Pourquoi ces pesticides de jardin menacent les oiseaux et les<br \/>\ninsectes<\/p>\n<p>Ces pulv\u00e9risations restent dans l\u2019air et se d\u00e9posent sur les<br \/>\nfeuilles, l\u2019eau des soucoupes ou les graines. Or les<br \/>\n<strong>oiseaux de jardin<\/strong> poss\u00e8dent un syst\u00e8me<br \/>\nrespiratoire tr\u00e8s sensible aux particules et aux vapeurs, m\u00eame<br \/>\nissues de plantes. Ils peuvent aussi ing\u00e9rer des r\u00e9sidus en<br \/>\npicorant sur une zone trait\u00e9e ou en buvant une eau contamin\u00e9e. Les<br \/>\ninsectes, eux, meurent ou disparaissent, privant les oiseaux de<br \/>\nnourriture.<\/p>\n<p>Une large \u00e9tude participative men\u00e9e au Royaume-Uni a d\u00e9j\u00e0 mis en<br \/>\n\u00e9vidence une chute d\u2019environ 63 % des insectes volants entre 2021<br \/>\net 2024, sur fond d\u2019usage g\u00e9n\u00e9ralis\u00e9 de <strong>pesticides de<br \/>\njardin<\/strong>. Dans des centaines de jardins, ceux o\u00f9 l\u2019on<br \/>\nutilisait r\u00e9guli\u00e8rement du glyphosate comptaient en moyenne pr\u00e8s<br \/>\nd\u2019un quart de moineaux domestiques en moins, et jusqu\u2019\u00e0 40 % en<br \/>\nmoins lorsqu\u2019\u00e9taient employ\u00e9s certains granul\u00e9s anti-limaces.<\/p>\n<p>Quelles alternatives pour un jardin<br \/>\naccueillant pour la faune<\/p>\n<p>Pour garder un jardin vivant sans pulv\u00e9risateur, David Fryer<br \/>\nconseille de miser sur la diversit\u00e9 v\u00e9g\u00e9tale : an\u00e9mones du Japon,<br \/>\nasters, chrysanth\u00e8mes, rudbeckias ou sedums prolongent les<br \/>\nfloraisons \u00e0 l\u2019automne quand les pollinisateurs cherchent encore<br \/>\nnectar et pollen. Des haies d\u2019aub\u00e9pine, de houx ou de viorne<br \/>\noffrent baies et abris aux oiseaux. Si vous poss\u00e9dez d\u00e9j\u00e0 des<br \/>\nsprays \u00e9colos, mieux vaut ne plus les utiliser en ext\u00e9rieur et les<br \/>\nd\u00e9poser en d\u00e9chetterie, comme tout produit chimique, pour que la<br \/>\ntransition vers un jardin sans pesticides reste s\u00fbre pour la<br \/>\nfaune.<\/p>\n","protected":false},"excerpt":{"rendered":"Au Royaume-Uni, les familles qui bichonnent leur coin de verdure re\u00e7oivent un message clair : arr\u00eater net d\u2019utiliser&hellip;\n","protected":false},"author":2,"featured_media":624265,"comment_status":"","ping_status":"","sticky":false,"template":"","format":"standard","meta":{"footnotes":""},"categories":[1588],"tags":[11,1867,4523,1777,674,3354,2742,12,4896,473,1853,1851,1850,1852],"class_list":{"0":"post-624264","1":"post","2":"type-post","3":"status-publish","4":"format-standard","5":"has-post-thumbnail","7":"category-royaume-uni","8":"tag-actualites","9":"tag-animaux","10":"tag-conseils-pratiques","11":"tag-eu","12":"tag-europe","13":"tag-jardin","14":"tag-nature","15":"tag-news","16":"tag-plantes","17":"tag-royaume-uni","18":"tag-royaume-uni-de-grande-bretagne-et-dirlande-du-nord","19":"tag-uk","20":"tag-united-kingdom","21":"tag-united-kingdom-of-great-britain-and-northern-ireland"},"share_on_mastodon":{"url":"https:\/\/pubeurope.com\/@fr\/115788719439553105","error":""},"_links":{"self":[{"href":"https:\/\/www.europesays.com\/fr\/wp-json\/wp\/v2\/posts\/624264","targetHints":{"allow":["GET"]}}],"collection":[{"href":"https:\/\/www.europesays.com\/fr\/wp-json\/wp\/v2\/posts"}],"about":[{"href":"https:\/\/www.europesays.com\/fr\/wp-json\/wp\/v2\/types\/post"}],"author":[{"embeddable":true,"href":"https:\/\/www.europesays.com\/fr\/wp-json\/wp\/v2\/users\/2"}],"replies":[{"embeddable":true,"href":"https:\/\/www.europesays.com\/fr\/wp-json\/wp\/v2\/comments?post=624264"}],"version-history":[{"count":0,"href":"https:\/\/www.europesays.com\/fr\/wp-json\/wp\/v2\/posts\/624264\/revisions"}],"wp:featuredmedia":[{"embeddable":true,"href":"https:\/\/www.europesays.com\/fr\/wp-json\/wp\/v2\/media\/624265"}],"wp:attachment":[{"href":"https:\/\/www.europesays.com\/fr\/wp-json\/wp\/v2\/media?parent=624264"}],"wp:term":[{"taxonomy":"category","embeddable":true,"href":"https:\/\/www.europesays.com\/fr\/wp-json\/wp\/v2\/categories?post=624264"},{"taxonomy":"post_tag","embeddable":true,"href":"https:\/\/www.europesays.com\/fr\/wp-json\/wp\/v2\/tags?post=624264"}],"curies":[{"name":"wp","href":"https:\/\/api.w.org\/{rel}","templated":true}]}}