{"id":624274,"date":"2025-12-27T00:37:18","date_gmt":"2025-12-27T00:37:18","guid":{"rendered":"https:\/\/www.europesays.com\/fr\/624274\/"},"modified":"2025-12-27T00:37:18","modified_gmt":"2025-12-27T00:37:18","slug":"explosion-a-lusine-elkem-silicones-pres-de-lyon-mort-dun-deuxieme-employe","status":"publish","type":"post","link":"https:\/\/www.europesays.com\/fr\/624274\/","title":{"rendered":"Explosion \u00e0 l&rsquo;usine Elkem Silicones pr\u00e8s de Lyon : mort d&rsquo;un deuxi\u00e8me employ\u00e9"},"content":{"rendered":"<p>                    Par<br \/>\n        <strong><br \/>\n            <a href=\"https:\/\/actu.fr\/auteur\/theo-zuili\" title=\"Consulter tous les articles de Th\u00e9o Zuili\" target=\"_blank\" rel=\"noopener\">Th\u00e9o Zuili<\/a><br \/>\n                    <\/strong><\/p>\n<p>        Publi\u00e9 le<\/p>\n<p>            26 d\u00e9c. 2025 \u00e0 18h08        <\/p>\n<p>Un <strong>deuxi\u00e8me salari\u00e9 est d\u00e9c\u00e9d\u00e9<\/strong> ce vendredi 26 d\u00e9cembre apr\u00e8s <a href=\"https:\/\/actu.fr\/auvergne-rhone-alpes\/saint-fons_69199\/direct-grave-explosion-dans-une-usine-chimique-seveso-pres-de-lyon-plusieurs-victimes_63610713.html\" target=\"_blank\" rel=\"noopener\">l\u2019explosion survenue lundi 22 d\u00e9cembre dans l\u2019usine chimique Elkem Silicones<\/a> de Saint-Fons, pr\u00e8s de <a href=\"https:\/\/actu.fr\/auvergne-rhone-alpes\/lyon_69123\" target=\"_blank\" rel=\"noopener\">Lyon<\/a>, a indiqu\u00e9 la pr\u00e9fecture \u00e0 l\u2019AFP.<\/p>\n<p class=\" wall-content\">Ce d\u00e9c\u00e8s porte \u00e0 deux le nombre de morts dans cet accident industriel, qui a \u00e9galement fait <a href=\"https:\/\/actu.fr\/auvergne-rhone-alpes\/saint-fons_69199\/explosion-d-une-usine-chimique-pres-de-lyon-nouveau-bilan-trois-blesses-en-urgence-absolue_63614267.html\" target=\"_blank\" rel=\"noopener\">deux bless\u00e9s graves<\/a>.<\/p>\n<p>Deux morts dans l\u2019accident industriel<\/p>\n<p class=\" wall-content\">Selon la pr\u00e9fecture, le salari\u00e9 d\u00e9c\u00e9d\u00e9 ce vendredi \u00e9tait hospitalis\u00e9 depuis l\u2019explosion, son pronostic vital \u00e9tant engag\u00e9 en raison de <strong>graves br\u00fblures<\/strong>. Une repr\u00e9sentante syndicale CFDT a pr\u00e9cis\u00e9 \u00e0 l\u2019AFP qu\u2019il s\u2019agissait d\u2019un homme \u00e2g\u00e9 de 55 ans.<\/p>\n<p class=\" wall-content\">L\u2019explosion s\u2019est produite lundi dans l\u2019enceinte du site industriel de Saint-Fons, dans la vall\u00e9e de la chimie, faisant initialement quatre victimes parmi les salari\u00e9s pr\u00e9sents. Un premier employ\u00e9, \u00e2g\u00e9 de 47 ans, <a href=\"https:\/\/actu.fr\/auvergne-rhone-alpes\/saint-fons_69199\/explosion-dans-l-usine-elkem-silicones-pres-de-lyon-mort-d-un-des-quatre-blesses_63618208.html\" target=\"_blank\" rel=\"noopener\">\u00e9tait d\u00e9c\u00e9d\u00e9 mardi des suites de ses blessures<\/a>. Deux autres salari\u00e9s <strong>restent hospitalis\u00e9s<\/strong>.<\/p>\n<p>Une enqu\u00eate en cours<\/p>\n<p class=\" wall-content\">Une enqu\u00eate judiciaire a \u00e9t\u00e9 ouverte par le parquet de Lyon afin de d\u00e9terminer les causes et les circonstances de l\u2019explosion. Les investigations pour <strong>homicide et blessures involontaires<\/strong> par personne morale ont \u00e9t\u00e9 confi\u00e9es \u00e0 la Division de la criminalit\u00e9 organis\u00e9e sp\u00e9cialis\u00e9e (DCOS) ainsi qu\u2019aux services de l\u2019inspection du travail.<\/p>\n<p class=\" wall-content\">L\u2019origine de la d\u00e9flagration n\u2019a pas encore \u00e9t\u00e9 formellement \u00e9tablie. Selon les premi\u00e8res d\u00e9clarations de la direction de l\u2019usine, l\u2019explosion serait li\u00e9e \u00e0 une \u00e9manation d\u2019hydrog\u00e8ne survenue dans un atelier exp\u00e9rimental du site, une piste qui reste \u00e0 confirmer par les enqu\u00eateurs.<\/p>\n<p class=\" wall-content\"><strong>Avec AFP.<\/strong><\/p>\n<p class=\" wall-content\">Personnalisez votre actualit\u00e9 en ajoutant vos villes et m\u00e9dias en favori avec <a href=\"https:\/\/moncompte.actu.fr\" title=\"D\u00e9couvez Mon Actu\" rel=\"nofollow noopener\" data-trk=\"{&quot;cta&quot;:{&quot;action&quot;:&quot;https:\\\/\\\/moncompte.actu.fr&quot;,&quot;category&quot;:&quot;mon compte&quot;,&quot;from&quot;:&quot;article footer&quot;,&quot;name&quot;:&quot;Mon actu&quot;,&quot;type&quot;:&quot;cta&quot;}}\" target=\"_blank\">Mon Actu<\/a>.<\/p>\n","protected":false},"excerpt":{"rendered":"Par Th\u00e9o Zuili Publi\u00e9 le 26 d\u00e9c. 2025 \u00e0 18h08 Un deuxi\u00e8me salari\u00e9 est d\u00e9c\u00e9d\u00e9 ce vendredi 26&hellip;\n","protected":false},"author":2,"featured_media":624275,"comment_status":"","ping_status":"","sticky":false,"template":"","format":"standard","meta":{"footnotes":""},"categories":[2],"tags":[11,118,1011,27,693,303,12,25],"class_list":{"0":"post-624274","1":"post","2":"type-post","3":"status-publish","4":"format-standard","5":"has-post-thumbnail","7":"category-actualites","8":"tag-actualites","9":"tag-faits-divers","10":"tag-fr","11":"tag-france","12":"tag-industrie","13":"tag-justice","14":"tag-news","15":"tag-republique-francaise"},"share_on_mastodon":{"url":"https:\/\/pubeurope.com\/@fr\/115788739006326608","error":""},"_links":{"self":[{"href":"https:\/\/www.europesays.com\/fr\/wp-json\/wp\/v2\/posts\/624274","targetHints":{"allow":["GET"]}}],"collection":[{"href":"https:\/\/www.europesays.com\/fr\/wp-json\/wp\/v2\/posts"}],"about":[{"href":"https:\/\/www.europesays.com\/fr\/wp-json\/wp\/v2\/types\/post"}],"author":[{"embeddable":true,"href":"https:\/\/www.europesays.com\/fr\/wp-json\/wp\/v2\/users\/2"}],"replies":[{"embeddable":true,"href":"https:\/\/www.europesays.com\/fr\/wp-json\/wp\/v2\/comments?post=624274"}],"version-history":[{"count":0,"href":"https:\/\/www.europesays.com\/fr\/wp-json\/wp\/v2\/posts\/624274\/revisions"}],"wp:featuredmedia":[{"embeddable":true,"href":"https:\/\/www.europesays.com\/fr\/wp-json\/wp\/v2\/media\/624275"}],"wp:attachment":[{"href":"https:\/\/www.europesays.com\/fr\/wp-json\/wp\/v2\/media?parent=624274"}],"wp:term":[{"taxonomy":"category","embeddable":true,"href":"https:\/\/www.europesays.com\/fr\/wp-json\/wp\/v2\/categories?post=624274"},{"taxonomy":"post_tag","embeddable":true,"href":"https:\/\/www.europesays.com\/fr\/wp-json\/wp\/v2\/tags?post=624274"}],"curies":[{"name":"wp","href":"https:\/\/api.w.org\/{rel}","templated":true}]}}