{"id":62428,"date":"2025-04-29T18:21:11","date_gmt":"2025-04-29T18:21:11","guid":{"rendered":"https:\/\/www.europesays.com\/fr\/62428\/"},"modified":"2025-04-29T18:21:11","modified_gmt":"2025-04-29T18:21:11","slug":"le-tag-dune-croix-gammee-decouvert-a-proximite-du-pont-notre-dame-une-enquete-ouverte","status":"publish","type":"post","link":"https:\/\/www.europesays.com\/fr\/62428\/","title":{"rendered":"le tag d&rsquo;une croix gamm\u00e9e d\u00e9couvert \u00e0 proximit\u00e9 du pont Notre-Dame, une enqu\u00eate ouverte"},"content":{"rendered":"<p>            Par<br \/>\n        <strong><br \/>\n            <a href=\"https:\/\/actu.fr\/auteur\/sarah-coulet\" title=\"Consulter tous les articles de Sarah Coulet\" rel=\"nofollow noopener\" target=\"_blank\">Sarah Coulet<\/a><br \/>\n        <\/strong><\/p>\n<p>        Publi\u00e9 le<\/p>\n<p>            29 avr. 2025 \u00e0 17h21        <\/p>\n<p>Alors qu\u2019ils effectuaient une patrouille de routine dans les rues de Paris au petit matin, les policiers ont fait une d\u00e9couverte qui a attir\u00e9 leur attention\u2009: le <strong>tag d\u2019une croix gamm\u00e9e<\/strong> sur un pyl\u00f4ne du pont Notre-Dame qui enjambe la Seine dans le 4e arrondissement, a appris <a href=\"https:\/\/actu.fr\/paris\/dernieres-actus\" rel=\"nofollow noopener\" target=\"_blank\">actu Paris<\/a> de source polici\u00e8re, confirmant une information du\u00a0<a href=\"https:\/\/www.leparisien.fr\/paris-75\/paris-une-croix-gammee-taguee-sous-le-pont-notre-dame-29-04-2025-O6CMA345SFBO3L755YQZE7E3RY.php\" rel=\"nofollow noopener\" target=\"_blank\">Parisien<\/a>.<\/p>\n<p>Des tags souvent d\u00e9couverts<\/p>\n<p class=\" wall-content\">D\u2019apr\u00e8s le quotidien, un visage, un 2 en chiffre romain et d\u2019autres tags se trouvaient \u00e0 c\u00f4t\u00e9. Des dessins \u00ab\u2009sans signification particuli\u00e8re\u2009\u00bb, pr\u00e9cise la m\u00eame source polici\u00e8re. Une <strong>enqu\u00eate a \u00e9t\u00e9 ouverte<\/strong> pour d\u00e9terminer les circonstances dans lesquelles ce tag a \u00e9t\u00e9 fait et son ou ses auteurs.<\/p>\n<p class=\" wall-content\">Ce n\u2019est pas la premi\u00e8re fois que ce type de symboles appara\u00eet dans les rues de la capitale. Il y a trois jours, le maire du 17e arrondissement, <a href=\"https:\/\/actu.fr\/ile-de-france\/paris_75056\/legislatives-2024-a-paris-le-maire-geoffroy-boulard-battu-au-second-tour-dans-la-4e-circonscription_61309910.html\" rel=\"nofollow noopener\" target=\"_blank\">Geoffroy Boulard<\/a>, s\u2019emparait de son compte X pour remercier <strong>\u00ab\u00a0les \u00e9quipes et prestataires\u00a0\u00bb<\/strong> qui sont \u00ab\u00a0mobilis\u00e9s pour lutter contre les tags et des inscriptions haineuses et antis\u00e9mites\u00a0\u00bb sur plusieurs fa\u00e7ades d\u2019immeubles ou de commerces\u00a0\u00bb.\u00a0<\/p>\n<p class=\" wall-content\">\n<p class=\" wall-content\">.<\/p>\n<p class=\" wall-content\">Suivez toute l\u2019actualit\u00e9 de vos villes et m\u00e9dias favoris en vous inscrivant \u00e0 <a href=\"https:\/\/moncompte.actu.fr\" title=\"D\u00e9couvez Mon Actu\" rel=\"nofollow noopener\" data-trk=\"{&quot;cta&quot;:{&quot;action&quot;:&quot;https:\\\/\\\/moncompte.actu.fr&quot;,&quot;category&quot;:&quot;mon compte&quot;,&quot;from&quot;:&quot;article footer&quot;,&quot;name&quot;:&quot;Mon actu&quot;,&quot;type&quot;:&quot;cta&quot;}}\" target=\"_blank\">Mon Actu<\/a>.<\/p>\n","protected":false},"excerpt":{"rendered":"Par Sarah Coulet Publi\u00e9 le 29 avr. 2025 \u00e0 17h21 Alors qu\u2019ils effectuaient une patrouille de routine dans&hellip;\n","protected":false},"author":2,"featured_media":62429,"comment_status":"","ping_status":"","sticky":false,"template":"","format":"standard","meta":{"footnotes":""},"categories":[1888],"tags":[1111,1928,11,1927,6155,1777,674,118,1011,27,12,1926,626,1925,1072,25],"class_list":{"0":"post-62428","1":"post","2":"type-post","3":"status-publish","4":"format-standard","5":"has-post-thumbnail","7":"category-paris","8":"tag-actu","9":"tag-actu-paris","10":"tag-actualites","11":"tag-actualites-paris","12":"tag-antisemitisme","13":"tag-eu","14":"tag-europe","15":"tag-faits-divers","16":"tag-fr","17":"tag-france","18":"tag-news","19":"tag-news-paris","20":"tag-paris","21":"tag-paris-news","22":"tag-police","23":"tag-republique-francaise"},"share_on_mastodon":{"url":"https:\/\/pubeurope.com\/@fr\/114422643632011978","error":""},"_links":{"self":[{"href":"https:\/\/www.europesays.com\/fr\/wp-json\/wp\/v2\/posts\/62428","targetHints":{"allow":["GET"]}}],"collection":[{"href":"https:\/\/www.europesays.com\/fr\/wp-json\/wp\/v2\/posts"}],"about":[{"href":"https:\/\/www.europesays.com\/fr\/wp-json\/wp\/v2\/types\/post"}],"author":[{"embeddable":true,"href":"https:\/\/www.europesays.com\/fr\/wp-json\/wp\/v2\/users\/2"}],"replies":[{"embeddable":true,"href":"https:\/\/www.europesays.com\/fr\/wp-json\/wp\/v2\/comments?post=62428"}],"version-history":[{"count":0,"href":"https:\/\/www.europesays.com\/fr\/wp-json\/wp\/v2\/posts\/62428\/revisions"}],"wp:featuredmedia":[{"embeddable":true,"href":"https:\/\/www.europesays.com\/fr\/wp-json\/wp\/v2\/media\/62429"}],"wp:attachment":[{"href":"https:\/\/www.europesays.com\/fr\/wp-json\/wp\/v2\/media?parent=62428"}],"wp:term":[{"taxonomy":"category","embeddable":true,"href":"https:\/\/www.europesays.com\/fr\/wp-json\/wp\/v2\/categories?post=62428"},{"taxonomy":"post_tag","embeddable":true,"href":"https:\/\/www.europesays.com\/fr\/wp-json\/wp\/v2\/tags?post=62428"}],"curies":[{"name":"wp","href":"https:\/\/api.w.org\/{rel}","templated":true}]}}