{"id":624282,"date":"2025-12-27T00:46:16","date_gmt":"2025-12-27T00:46:16","guid":{"rendered":"https:\/\/www.europesays.com\/fr\/624282\/"},"modified":"2025-12-27T00:46:16","modified_gmt":"2025-12-27T00:46:16","slug":"challenge-dv-femmes-un-titre-de-plus-pour-thais-poirier-actualite","status":"publish","type":"post","link":"https:\/\/www.europesays.com\/fr\/624282\/","title":{"rendered":"Challenge DV Femmes : Un titre de plus pour Tha\u00efs Poirier &#8211; Actualit\u00e9"},"content":{"rendered":"<p><strong><a href=\"https:\/\/www.directvelo.com\/coureur\/52488\/thais-poirier\" target=\"_blank\" rel=\"noopener\">Tha\u00efs Poirier<\/a><\/strong> a domin\u00e9 la saison Juniors chez les Femmes en France. Et \u00e7a se voit au classement du Challenge DV. Pour sa premi\u00e8re ann\u00e9e Juniors, la soci\u00e9taire de Marmande Women D\u00e9veloppement est devenue Championne de Nouvelle-Aquitaine, Championne de France contre-la-montre et Championne de France de la course en ligne. Au niveau international, elle termine 6e du Championnat du Monde et 9e du Championnat d&rsquo;Europe. Si on ajoute ses places en Coupe des Nations, Tha\u00efs Poirier cumule 504 points.<\/p>\n<p>Derri\u00e8re elle, <strong><a href=\"https:\/\/www.directvelo.com\/coureur\/52474\/zoe-bihan\" target=\"_blank\" rel=\"noopener\">Zo\u00e9 Bihan<\/a><\/strong> a fait parler ses qualit\u00e9s de rouleuse. La repr\u00e9sentante de la Breizh Ladies termine sa saison sur route avec une m\u00e9daille d&rsquo;argent au Championnat d&rsquo;Europe de relais mixte et la 2e place du Chrono des Nations. Elle y glane 60 points. Mais c&rsquo;est au Tour de l&rsquo;Abitibi qu&rsquo;elle a amass\u00e9 le plus de points : 121. En plus de la saison route, Zo\u00e9 Bihan s&rsquo;est consacr\u00e9e \u00e0 la piste o\u00f9 elle a r\u00e9colt\u00e9 quatre titres de Championne de France.<\/p>\n<p><strong>DEUX J1 EN T\u00caTE<\/strong><\/p>\n<p>Sur la troisi\u00e8me marche du podium, <strong><a href=\"https:\/\/www.directvelo.com\/coureur\/52485\/charlotte-bouhier\" target=\"_blank\" rel=\"noopener\">Charlotte Bouhier<\/a><\/strong>, Championne de France de relais mixte avec le comit\u00e9 de Bourgogne-Franche-Comt\u00e9. C&rsquo;est dans le Championnat contre-la-montre que la soci\u00e9taire du VC Morteau-Montbeno\u00eet a marqu\u00e9 le plus de points, 40, gr\u00e2ce \u00e0 sa 4e place. C&rsquo;est aussi dans le calendrier national que la Junior 2 a construit son capital : 4e du Grand Prix d&rsquo;Aix-en-Othe, 7e du Loire Ladies Tours ou encore 10e du Grand Prix de la Ville du Mont Pujols en Coupe de France.<\/p>\n<p>Avec <strong><a href=\"https:\/\/www.directvelo.com\/coureur\/46229\/lise-revol\" target=\"_blank\" rel=\"noopener\">Lise Revol<\/a><\/strong> 4e, on se retrouve avec trois Juniors 1 en haut du classement, avec Tha\u00efs Poirier et Zo\u00e9 Bihan. Malgr\u00e9 son peu d&rsquo;activit\u00e9 sur route, la Championne du Monde de cyclo-cross en titre n&rsquo;a pas manqu\u00e9 une occasion pour marquer des points. 13e du Tour du G\u00e9vaudan en Coupe des Nations, 10e d&rsquo;une \u00e9tape de la Bizkaikoloreak et double vice-Championne de France (contre-la-montre et course en ligne), la soci\u00e9taire de l&rsquo;AS Bike termine la saison sur route avec 147 points. Dou\u00e9es sur route, piste ou cyclo-cross, on risque encore de retrouver ces trois-l\u00e0 en haut du classement Junior du Challenge DV Femmes l&rsquo;an prochain.<\/p>\n<p><strong>Classement Juniors du Challenge DV Femmes<\/strong> :<\/p>\n<p>Retrouvez\u00a0<a href=\"https:\/\/www.directvelo.com\/challenge\/dames\/2025\/10\" target=\"_blank\" rel=\"noopener\"><strong>le classement du Challenge DV Femmes<\/strong><\/a>.<\/p>\n<p><strong>Palmar\u00e8s<\/strong><br \/>2017 : Jade Wiel (VC Morteau-Montbeno\u00eet) 697 pts<br \/>2018 : Marie Le Net (Breizh Ladies) 633 pts<br \/>2019 : L\u00e9a Curinier (DN Auvergne-Rh\u00f4ne-Alpes) 609 pts<br \/>2020 : Maeva Squiban (Breizh Ladies) 219 pts<br \/>2021 : Eglantine Rayer (US P\u00e9truvienne) 695 pts<br \/>2022 : Eglantine Rayer (US P\u00e9truvienne) 1146 pts<br \/>2023 : Julie Bego (Team F\u00e9minin Chamb\u00e9ry) 845 pts<br \/>2024 : C\u00e9lia Gery (VC Rambertois) 936 pts<br \/>2025 : Tha\u00efs Poirier (Marmande Women D\u00e9veloppement) 504 pts<\/p>\n","protected":false},"excerpt":{"rendered":"Tha\u00efs Poirier a domin\u00e9 la saison Juniors chez les Femmes en France. Et \u00e7a se voit au classement&hellip;\n","protected":false},"author":2,"featured_media":624283,"comment_status":"","ping_status":"","sticky":false,"template":"","format":"standard","meta":{"footnotes":""},"categories":[1411],"tags":[834,828,836,829,837,827,83,826,824,823,1154,207,814,817,815,816,822,821,832,211,839,1011,27,820,818,819,835,831,830,833,838,60,212,208,825],"class_list":{"0":"post-624282","1":"post","2":"type-post","3":"status-publish","4":"format-standard","5":"has-post-thumbnail","7":"category-cyclisme","8":"tag-attaque","9":"tag-belgique","10":"tag-braquet","11":"tag-bretagne","12":"tag-chute","13":"tag-competition","14":"tag-coupe-de-france","15":"tag-coureur","16":"tag-course-cyclisme","17":"tag-course-cycliste","18":"tag-cycling","19":"tag-cyclisme","20":"tag-direct","21":"tag-direct-velo","22":"tag-directvelo","23":"tag-directvelo-com","24":"tag-epreuve","25":"tag-epreuve-cycliste","26":"tag-federation-francaise-de-cyclisme","27":"tag-ffc","28":"tag-flandres","29":"tag-fr","30":"tag-france","31":"tag-live","32":"tag-live-course","33":"tag-live-epreuve","34":"tag-peloton","35":"tag-radio-peloton","36":"tag-radio-tour","37":"tag-ravitaillement","38":"tag-relance","39":"tag-sports","40":"tag-uci","41":"tag-velo","42":"tag-velos"},"share_on_mastodon":{"url":"https:\/\/pubeurope.com\/@fr\/115788774387745719","error":""},"_links":{"self":[{"href":"https:\/\/www.europesays.com\/fr\/wp-json\/wp\/v2\/posts\/624282","targetHints":{"allow":["GET"]}}],"collection":[{"href":"https:\/\/www.europesays.com\/fr\/wp-json\/wp\/v2\/posts"}],"about":[{"href":"https:\/\/www.europesays.com\/fr\/wp-json\/wp\/v2\/types\/post"}],"author":[{"embeddable":true,"href":"https:\/\/www.europesays.com\/fr\/wp-json\/wp\/v2\/users\/2"}],"replies":[{"embeddable":true,"href":"https:\/\/www.europesays.com\/fr\/wp-json\/wp\/v2\/comments?post=624282"}],"version-history":[{"count":0,"href":"https:\/\/www.europesays.com\/fr\/wp-json\/wp\/v2\/posts\/624282\/revisions"}],"wp:featuredmedia":[{"embeddable":true,"href":"https:\/\/www.europesays.com\/fr\/wp-json\/wp\/v2\/media\/624283"}],"wp:attachment":[{"href":"https:\/\/www.europesays.com\/fr\/wp-json\/wp\/v2\/media?parent=624282"}],"wp:term":[{"taxonomy":"category","embeddable":true,"href":"https:\/\/www.europesays.com\/fr\/wp-json\/wp\/v2\/categories?post=624282"},{"taxonomy":"post_tag","embeddable":true,"href":"https:\/\/www.europesays.com\/fr\/wp-json\/wp\/v2\/tags?post=624282"}],"curies":[{"name":"wp","href":"https:\/\/api.w.org\/{rel}","templated":true}]}}