{"id":624286,"date":"2025-12-27T00:48:16","date_gmt":"2025-12-27T00:48:16","guid":{"rendered":"https:\/\/www.europesays.com\/fr\/624286\/"},"modified":"2025-12-27T00:48:16","modified_gmt":"2025-12-27T00:48:16","slug":"23-ans-apres-son-sacre-lavis-sincere-de-nolwenn-leroy-a-son-sujet","status":"publish","type":"post","link":"https:\/\/www.europesays.com\/fr\/624286\/","title":{"rendered":"23 ans apr\u00e8s son sacre, l&rsquo;avis sinc\u00e8re de Nolwenn Leroy \u00e0 son sujet"},"content":{"rendered":"<p>Par <a class=\"author_recette\" id=\"author_name\" href=\"https:\/\/www.nextplz.fr\/auteur\/francis-uliel\" target=\"_blank\" rel=\"noopener\">Francis<br \/>\nUliel<\/a> &#8211;<br \/>\nPubli\u00e9 le 26 D\u00e9c 2025 \u00e0<br \/>\n20:30<\/p>\n<p class=\"article-intro excerpt\">Apr\u00e8s l\u2019avoir c\u00f4toy\u00e9 en priv\u00e9e,<br \/>\nNolwenn Leroy, gagnante de la saison 2 de la Star Academy, se l\u00e2che<br \/>\net donne un avis tr\u00e8s cash sur Nikos Aliagas.<\/p>\n<p>Nikos Aliagas fait partie des animateurs phares de TF1, ce<br \/>\ndepuis de longues ann\u00e9es. C\u00a0\u00bbest en 2001 qu&rsquo;il est r\u00e9v\u00e9l\u00e9 au grand<br \/>\npublic lors du lancement de la Star Academy. Ce dernier a alors eu<br \/>\nl&rsquo;occasion de c\u00f4toyer de nombreux candidats, devenus aujourd&rsquo;hui<br \/>\nstars de la musique fran\u00e7aise. C&rsquo;est notamment le cas de Nolwenn<br \/>\nLeroy, grande gagnante de la saison 2 du t\u00e9l\u00e9-crochet. La chanteuse<br \/>\net l&rsquo;animateur vedette se sont \u00e9galement recrois\u00e9s sur le tournage<br \/>\nde The Voice et The Voice Kids. Et aujourd&rsquo;hui, ils partagent une<br \/>\nrelation particuli\u00e8re.<\/p>\n<p>Nolwenn Leroy sans<br \/>\nfiltre sur Nikos Aliagas<\/p>\n<p>Nolwenn Leroy et Nikos Aliagas ont toujours eu un respect mutuel<br \/>\nl&rsquo;un pour l&rsquo;autre. D&rsquo;ailleurs en 2024, dans une interview accord\u00e9e<br \/>\n\u00e0 T\u00e9l\u00e9pro, la chanteuse n&rsquo;avait pas tari d&rsquo;\u00e9loges celui qu&rsquo;elle<br \/>\nconsid\u00e8re comme un grand fr\u00e8re. \u00ab\u00a0Nikos c\u2019est un peu mon grand<br \/>\nfr\u00e8re, c\u2019est un peu notre grand fr\u00e8re \u00e0 tous ceux, je dirais que,<br \/>\nqui ont particip\u00e9 \u00e0 ce t\u00e9l\u00e9-crochet de la Star Academy\u00a0\u00bb,<br \/>\nconfiait-elle au m\u00e9dia belge.<\/p>\n<p>Et d&rsquo;ajouter : \u00ab\u00a0Il est extr\u00eamement brillant, il a tout<br \/>\ncompris dans ce m\u00e9tier, et il l\u2019aborde, je trouve, d\u2019une fa\u00e7on<br \/>\nextr\u00eamement intelligente\u00a0\u00bb. Cette derni\u00e8re a poursuivi en<br \/>\n\u00e9voquant la brillante carri\u00e8re de Nikos Aliagas, qui autrefois<br \/>\n\u00e9tait journaliste. \u00ab\u00a0Il a aussi su s\u2019inscrire dans la dur\u00e9e, ce<br \/>\nqui n\u2019est pas facile dans le m\u00e9tier qui est le sien. D\u2019autant qu\u2019il<br \/>\nvenait du journalisme, il pr\u00e9sentait le JT en Gr\u00e8ce, donc c\u2019est<br \/>\nquelqu\u2019un justement qui est capable de tout faire, en<br \/>\nfait\u00a0\u00bb.<\/p>\n<p>Nikos<br \/>\nAliagas, \u00ab\u00a0un cam\u00e9l\u00e9on\u00a0\u00bb cultiv\u00e9 avec \u00ab\u00a0beaucoup de talent\u00a0\u00bb<\/p>\n<p>Toujours aupr\u00e8s de T\u00e9l\u00e9pro, <a href=\"https:\/\/www.nextplz.fr\/people\/499304-nolwenn-leroy-42-ans-dans-la-tourmente-12-nouvelles-accusations-en-lien-avec-laffaire-de-labbe-pierre\" target=\"_blank\" rel=\"noopener\"><br \/>\nNolwenn Leroy, impliqu\u00e9e dans l&rsquo;affaire de l&rsquo;Abb\u00e9 Pierre,<\/a><br \/>\nd\u00e9clarait \u00e0 propos de son ami Nikos Aliagas : \u00ab\u00a0C&rsquo;est un<br \/>\ncam\u00e9l\u00e9on, et cela gr\u00e2ce \u00e0 son intelligence\u00a0\u00bb. Des propos qui<br \/>\ncorrespondent v\u00e9ritablement \u00e0 la personnalit\u00e9 de l&rsquo;animateur, qui<br \/>\nest un v\u00e9ritable couteau suisse. D&rsquo;ailleurs la chanteuse, qui fait<br \/>\npartie de ses plus grands fans, asurait par la suite : \u00ab\u00a0C&rsquo;est<br \/>\nquelqu&rsquo;un d\u2019extr\u00eamement cultiv\u00e9, qui a beaucoup de talent. Plus<br \/>\nencore, elle affirme qu&rsquo;il est \u00ab\u00a0un super photographe aussi\u00a0\u00bb.<br \/>\nMais aussi grand \u00ab\u00a0un artiste\u00a0\u00bb. Eh oui, Nikos Aligas a<br \/>\nplusieurs cordes \u00e0 son arc. \u00ab\u00a0C&rsquo;est quelqu&rsquo;un qui chante tr\u00e8s<br \/>\ntr\u00e8s bien aussi\u00a0\u00bb, a-t-elle ajout\u00e9.<\/p>\n<p>Nikos Alias est sur tous<br \/>\nles fronts<\/p>\n<p>Outre ses nombreux talents cach\u00e9s, <a href=\"https:\/\/www.nextplz.fr\/people\/512621-nikos-aliagas-fait-confidences-son-enfance-soutien-maman-sans-mere\" target=\"_blank\" rel=\"noopener\"><br \/>\nNikos Aliagas, fortement soutenu par sa maman<\/a>, est sur tous les<br \/>\nfronts. L&rsquo;homme vedette de TF1 anime en effet plusieurs \u00e9missions<br \/>\nde divertissement musical et de soci\u00e9t\u00e9 sur la premi\u00e8re cha\u00eene. Il<br \/>\nsera d&rsquo;ailleurs aux commandes de la nouvelle saison de \u00ab\u00a0La<br \/>\nchanson secr\u00e8te\u00a0\u00bb, ce vendredi soir d\u00e8s 21 h 10. Apr\u00e8s le<br \/>\nsucc\u00e8s des pr\u00e9c\u00e9dentes \u00e9ditions, l&rsquo;animateur signe son retour avec<br \/>\nde nouvelles personnalit\u00e9s qui ont accept\u00e9 de se pr\u00eater au jeu.<br \/>\nC&rsquo;est notamment le cas de Mich\u00e8le Laroque, Isabelle Ithurburu et<br \/>\nKad Merad. Et comme \u00e0 l&rsquo;accoutum\u00e9e, Nikos assurera la pr\u00e9sentation<br \/>\nTF1 du prime de la Star Academy ce samedi 27 d\u00e9cembre. Apr\u00e8s le<br \/>\nd\u00e9part surprenant de Jeanne la semaine derni\u00e8re, les<br \/>\nt\u00e9l\u00e9spectateurs ont d\u00e9j\u00e0 h\u00e2te de savoir quel candidat va quitter<br \/>\nl&rsquo;\u00e9mission\u2026 Affaire \u00e0 suivre.<\/p>\n","protected":false},"excerpt":{"rendered":"Par Francis Uliel &#8211; Publi\u00e9 le 26 D\u00e9c 2025 \u00e0 20:30 Apr\u00e8s l\u2019avoir c\u00f4toy\u00e9 en priv\u00e9e, Nolwenn Leroy,&hellip;\n","protected":false},"author":2,"featured_media":624287,"comment_status":"","ping_status":"","sticky":false,"template":"","format":"standard","meta":{"footnotes":""},"categories":[1359],"tags":[58,59,1011,27,973,65861],"class_list":{"0":"post-624286","1":"post","2":"type-post","3":"status-publish","4":"format-standard","5":"has-post-thumbnail","7":"category-people","8":"tag-divertissement","9":"tag-entertainment","10":"tag-fr","11":"tag-france","12":"tag-people","13":"tag-trend"},"share_on_mastodon":{"url":"https:\/\/pubeurope.com\/@fr\/115788782246550234","error":""},"_links":{"self":[{"href":"https:\/\/www.europesays.com\/fr\/wp-json\/wp\/v2\/posts\/624286","targetHints":{"allow":["GET"]}}],"collection":[{"href":"https:\/\/www.europesays.com\/fr\/wp-json\/wp\/v2\/posts"}],"about":[{"href":"https:\/\/www.europesays.com\/fr\/wp-json\/wp\/v2\/types\/post"}],"author":[{"embeddable":true,"href":"https:\/\/www.europesays.com\/fr\/wp-json\/wp\/v2\/users\/2"}],"replies":[{"embeddable":true,"href":"https:\/\/www.europesays.com\/fr\/wp-json\/wp\/v2\/comments?post=624286"}],"version-history":[{"count":0,"href":"https:\/\/www.europesays.com\/fr\/wp-json\/wp\/v2\/posts\/624286\/revisions"}],"wp:featuredmedia":[{"embeddable":true,"href":"https:\/\/www.europesays.com\/fr\/wp-json\/wp\/v2\/media\/624287"}],"wp:attachment":[{"href":"https:\/\/www.europesays.com\/fr\/wp-json\/wp\/v2\/media?parent=624286"}],"wp:term":[{"taxonomy":"category","embeddable":true,"href":"https:\/\/www.europesays.com\/fr\/wp-json\/wp\/v2\/categories?post=624286"},{"taxonomy":"post_tag","embeddable":true,"href":"https:\/\/www.europesays.com\/fr\/wp-json\/wp\/v2\/tags?post=624286"}],"curies":[{"name":"wp","href":"https:\/\/api.w.org\/{rel}","templated":true}]}}