{"id":624288,"date":"2025-12-27T00:49:22","date_gmt":"2025-12-27T00:49:22","guid":{"rendered":"https:\/\/www.europesays.com\/fr\/624288\/"},"modified":"2025-12-27T00:49:22","modified_gmt":"2025-12-27T00:49:22","slug":"tarbes-bruno-schmeltz-au-carmel-et-chez-valera","status":"publish","type":"post","link":"https:\/\/www.europesays.com\/fr\/624288\/","title":{"rendered":"Tarbes. Bruno Schmeltz au Carmel et chez Valera"},"content":{"rendered":"<p>Jusqu\u2019au 18 janvier, Bruno Schmeltz expose au Carmel une s\u00e9rie de tableaux grand format illustrant deux th\u00e8mes qui lui sont chers : l\u2019exploitation des carri\u00e8res et les travaux publics. Une exposition riche, \u00e0 l\u2019image de son \u0153uvre, qui trouve un \u00e9cho \u00e0 la galerie Valera (place du Foirail) o\u00f9 sont accroch\u00e9es une trentaine d\u2019\u0153uvres. <\/p>\n<p>Des petits formats que l\u2019artiste peintre toulousain install\u00e9 \u00e0 Campan a, pour moiti\u00e9, cr\u00e9\u00e9s r\u00e9cemment et qui mettent en valeur les beaut\u00e9s de la nature. <\/p>\n<p>Une \u2018\u2019petite\u2019\u2019 exposition dont la qualit\u00e9 et l\u2019int\u00e9r\u00eat sont renforc\u00e9s par la pr\u00e9sence d\u2019une s\u00e9rie in\u00e9dite.<\/p>\n<p> Une collection de tableaux peints entre 2005 et 2008 \u00ab\u00a0qu\u2019il ne voulait pas montrer mais qui lui tenaient \u00e0 c\u0153ur\u00a0\u00bb nous confie le galeriste Fran\u00e7ois Valera. Une s\u00e9lection d\u2019une s\u00e9rie de toiles sur le Western dont l\u2019int\u00e9gralit\u00e9 sera \u00e0 retrouver, avec d\u2019autres \u0153uvres, dans un nouvel ouvrage \u00e0 para\u00eetre d\u00e9but janvier. <\/p>\n<p>Lequel est \u00e0 d\u00e9couvrir \u00e9galement \u00e0 la galerie Valera, les mardis, jeudis, vendredis et samedis de 14h \u00e0 18h30.<\/p>\n","protected":false},"excerpt":{"rendered":"Jusqu\u2019au 18 janvier, Bruno Schmeltz expose au Carmel une s\u00e9rie de tableaux grand format illustrant deux th\u00e8mes qui&hellip;\n","protected":false},"author":2,"featured_media":624289,"comment_status":"","ping_status":"","sticky":false,"template":"","format":"standard","meta":{"footnotes":""},"categories":[1358],"tags":[1348,1384,1385,872,1386,58,59,1349,1011,27,4973,33484],"class_list":{"0":"post-624288","1":"post","2":"type-post","3":"status-publish","4":"format-standard","5":"has-post-thumbnail","7":"category-arts-et-design","8":"tag-arts","9":"tag-arts-and-design","10":"tag-arts-et-design","11":"tag-culture-et-loisirs","12":"tag-design","13":"tag-divertissement","14":"tag-entertainment","15":"tag-expositions","16":"tag-fr","17":"tag-france","18":"tag-hautes-pyrenees","19":"tag-tarbes"},"share_on_mastodon":{"url":"https:\/\/pubeurope.com\/@fr\/115788786130664928","error":""},"_links":{"self":[{"href":"https:\/\/www.europesays.com\/fr\/wp-json\/wp\/v2\/posts\/624288","targetHints":{"allow":["GET"]}}],"collection":[{"href":"https:\/\/www.europesays.com\/fr\/wp-json\/wp\/v2\/posts"}],"about":[{"href":"https:\/\/www.europesays.com\/fr\/wp-json\/wp\/v2\/types\/post"}],"author":[{"embeddable":true,"href":"https:\/\/www.europesays.com\/fr\/wp-json\/wp\/v2\/users\/2"}],"replies":[{"embeddable":true,"href":"https:\/\/www.europesays.com\/fr\/wp-json\/wp\/v2\/comments?post=624288"}],"version-history":[{"count":0,"href":"https:\/\/www.europesays.com\/fr\/wp-json\/wp\/v2\/posts\/624288\/revisions"}],"wp:featuredmedia":[{"embeddable":true,"href":"https:\/\/www.europesays.com\/fr\/wp-json\/wp\/v2\/media\/624289"}],"wp:attachment":[{"href":"https:\/\/www.europesays.com\/fr\/wp-json\/wp\/v2\/media?parent=624288"}],"wp:term":[{"taxonomy":"category","embeddable":true,"href":"https:\/\/www.europesays.com\/fr\/wp-json\/wp\/v2\/categories?post=624288"},{"taxonomy":"post_tag","embeddable":true,"href":"https:\/\/www.europesays.com\/fr\/wp-json\/wp\/v2\/tags?post=624288"}],"curies":[{"name":"wp","href":"https:\/\/api.w.org\/{rel}","templated":true}]}}