{"id":624290,"date":"2025-12-27T00:51:14","date_gmt":"2025-12-27T00:51:14","guid":{"rendered":"https:\/\/www.europesays.com\/fr\/624290\/"},"modified":"2025-12-27T00:51:14","modified_gmt":"2025-12-27T00:51:14","slug":"star-academy-la-mere-dambre-nest-pas-une-inconnue-vous-lavez-peut-etre-vu-sur-plusieurs-plateaux-televises","status":"publish","type":"post","link":"https:\/\/www.europesays.com\/fr\/624290\/","title":{"rendered":"Star Academy : la m\u00e8re d\u2019Ambre n\u2019est pas une inconnue, vous l\u2019avez peut-\u00eatre vu sur plusieurs plateaux t\u00e9l\u00e9vis\u00e9s"},"content":{"rendered":"<p>                <img loading=\"lazy\" decoding=\"async\" src=\"https:\/\/www.europesays.com\/fr\/wp-content\/uploads\/2025\/09\/15559a7e4ed390c9-35x35-1.jpg\" class=\"author-article-picture\" width=\"35\" height=\"35\"\/><\/p>\n<p>                    Par<\/p>\n<p>                                            <a class=\"author-article-bio-link\" href=\"https:\/\/www.purepeople.com\/auteur\/tiffany-iacomacci_a161\" target=\"_blank\" rel=\"noopener\">Tiffany Iacomacci<\/a><\/p>\n<p>                    |<\/p>\n<p>                                            R\u00e9dactrice<\/p>\n<p>\n                Ils se sont s\u00e9par\u00e9s \u00e0 la suite d\u2019une tromperie ? Passionn\u00e9e par la vie des people, raconter leurs histoires a \u00e9t\u00e9 une \u00e9vidence. Conna\u00eetre la derni\u00e8re actualit\u00e9 de la famille royale ? Cela fait \u00e9galement partie des plaisirs de Tiffany. Curieuse de nature, elle ne se tient jamais loin des r\u00e9seaux sociaux afin d\u2019\u00eatre s\u00fbre de ne rien manquer concernant ses c\u00e9l\u00e9brit\u00e9s pr\u00e9f\u00e9r\u00e9es.\n            <\/p>\n<p>\n    Depuis le d\u00e9but de la saison de la \u201cStar Academy\u201d, la jeune Ambre fait l\u2019unanimit\u00e9 aupr\u00e8s des t\u00e9l\u00e9spectateurs. \u00c2g\u00e9e de seulement 18 ans, la jeune femme surprend avec des performances toujours plus embl\u00e9matiques. \u00c0 l\u2019occasion des f\u00eates de No\u00ebl, les proches de l&rsquo;artiste sont venus lui rendre visite au ch\u00e2teau, et il y avait notamment sa maman, qui n\u2019est pas inconnue de certains t\u00e9l\u00e9spectateurs. On vous en dit plus.\n<\/p>\n<p>                            <img loading=\"lazy\" decoding=\"async\" class=\"player-thumbnail\" src=\"https:\/\/www.europesays.com\/fr\/wp-content\/uploads\/2025\/12\/8c72d5f089a6c3da-580x326-2.jpg\" width=\"580\" height=\"326\"\/><\/p>\n<p>                            Star Academy : la m\u00e8re d\u2019Ambre n\u2019est pas une inconnue, vous l\u2019avez peut-\u00eatre vu sur plusieurs plateaux t\u00e9l\u00e9vis\u00e9s<\/p>\n<p>La suite apr\u00e8s la publicit\u00e9<\/p>\n<p><strong>Benjamine de la nouvelle saison de la <\/strong><strong>Star Academy<\/strong><strong>, Ambre fait presque l&rsquo;unanimit\u00e9 aupr\u00e8s des t\u00e9l\u00e9spectateurs.<\/strong> La jeune femme, grande fan de Lady Gaga et<a href=\"https:\/\/www.purepeople.com\/article\/portrait-star-academy-2025-ambre-deja-designee-gagnante-a-seulement-18-ans-elle-impressionne-tout-le-monde_a543800\/1\" target=\"_blank\" rel=\"noopener\"> \u00e2g\u00e9e de seulement 18 ans<\/a>, surprend gr\u00e2ce \u00e0 son timbre puissant et fait partie des favorites de cette \u00e9dition. \u00c0 l\u2019occasion des f\u00eates de No\u00ebl, Ambre a re\u00e7u la visite surprise de son beau-p\u00e8re mais aussi de sa maman, qui n\u2019est pas inconnue des t\u00e9l\u00e9spectateurs. En effet, <strong>il s\u2019agit de Nabila Belaidouni, avocate renomm\u00e9e au barreau de Paris, sp\u00e9cialis\u00e9e en droit des affaires et fiscalit\u00e9. <\/strong>Un visage que de nombreuses personnes ont reconnu, puisqu\u2019elles ont d\u00e9j\u00e0 eu l&rsquo;occasion de la voir sur le petit \u00e9cran.<\/p>\n<p>En effet, Nabila Belaidouni est apparue plusieurs fois sur les plateaux de t\u00e9l\u00e9vision pour \u00e9voquer des sujets qui lui tiennent particuli\u00e8rement \u00e0 c\u0153ur. Elle est souvent intervenue dans l&rsquo;\u00e9mission de Jean-Marc Morandini et <strong>a marqu\u00e9 les t\u00e9l\u00e9spectateurs gr\u00e2ce \u00e0 sa franchise, son franc-parler et ses prises de position tranchantes<\/strong>. Les fid\u00e8les du programme diffus\u00e9 sur CNews l\u2019ont imm\u00e9diatement reconnue et l\u2019ont fait savoir sur le hashtag de l&rsquo;\u00e9mission. Sur son site internet, Nabila Belaidouni pr\u00e9cise \u00eatre avocate depuis 2002 et avoir fond\u00e9 son cabinet en 2010. \u201cJ&rsquo;accompagne aussi bien les petites entreprises dans leurs probl\u00e9matiques commerciales, <strong>que les particuliers dans les contentieux li\u00e9s au droit p\u00e9nal, droit du travail et droit de la famille\u201d<\/strong>, peut-on lire.<\/p>\n<p>Nabila Belaidouni : une maman qui avait d\u00e9j\u00e0 fait forte impression<\/p>\n<p>Les fans du programme \u00e9taient impatients de d\u00e9couvrir le visage de la maman d\u2019Ambre. Ces derniers avaient d\u00e9j\u00e0 entendu sa voix \u00e0 de nombreuses reprises lors des appels t\u00e9l\u00e9phoniques et avaient remarqu\u00e9 qu\u2019elle n\u2019\u00e9tait pas du genre \u00e0 se laisser faire. <strong>Certains internautes estimaient que Nabila Belaidouni \u00e9tait un peu trop s\u00e9v\u00e8re avec sa fille. <\/strong>Pour rappel, elle lui avait adress\u00e9 plusieurs commentaires, <a href=\"https:\/\/www.purepeople.com\/article\/elle-m-a-bien-rendu-l-ascenseur-garou-evoque-avec-emotion-les-reproches-formules-par-sa-fille-emelie_a537685\/1\" target=\"_blank\" rel=\"noopener\">consid\u00e9r\u00e9s comme des reproches,<\/a> concernant notamment son alimentation ou son manque d\u2019investissement lors des \u00e9valuations, de quoi faire r\u00e9agir les internautes.<\/p>\n<p>Lors de sa venue au ch\u00e2teau, Nabila Belaidouni a insist\u00e9 sur le fait qu\u2019elle \u00e9tait tr\u00e8s protectrice envers sa fille. Si les internautes ont pour habitude de voir une jeune femme au talent immense, ils ont tendance \u00e0 oublier qu\u2019Ambre n\u2019a que 18 ans. Un rappel tr\u00e8s important pour sa maman. <strong>\u00ab\u00a0M\u00eame si on a l&rsquo;impression que c&rsquo;est une popstar sur sc\u00e8ne, eh bien elle n&rsquo;a que 18 ans. Et je retrouve ma petite Ambre avec tous ses doutes, tous ses questionnements, tout son besoin d&rsquo;\u00eatre rassur\u00e9e\u2026\u201d,<\/strong> a affirm\u00e9 Nabila Belaidouni face aux cam\u00e9ras du confessionnal. \u201cJe pense que \u00e7a lui fait du bien qu&rsquo;on soit l\u00e0 pour lui dire que tout va bien et qu&rsquo;elle est exceptionnelle\u00a0\u00bb, a-t-elle conclu, tr\u00e8s fi\u00e8re de sa fille.<\/p>\n<p>Star Academy : Nos pronostics se confirment, cette \u00e9l\u00e8ve est assur\u00e9e de passer le Nouvel An au ch\u00e2teau<\/p>\n","protected":false},"excerpt":{"rendered":"Par Tiffany Iacomacci | R\u00e9dactrice Ils se sont s\u00e9par\u00e9s \u00e0 la suite d\u2019une tromperie ? Passionn\u00e9e par la&hellip;\n","protected":false},"author":2,"featured_media":624291,"comment_status":"","ping_status":"","sticky":false,"template":"","format":"standard","meta":{"footnotes":""},"categories":[1356],"tags":[58,59,1011,27,252,1364],"class_list":{"0":"post-624290","1":"post","2":"type-post","3":"status-publish","4":"format-standard","5":"has-post-thumbnail","7":"category-television","8":"tag-divertissement","9":"tag-entertainment","10":"tag-fr","11":"tag-france","12":"tag-television","13":"tag-tv"},"share_on_mastodon":{"url":"https:\/\/pubeurope.com\/@fr\/115788795389402894","error":""},"_links":{"self":[{"href":"https:\/\/www.europesays.com\/fr\/wp-json\/wp\/v2\/posts\/624290","targetHints":{"allow":["GET"]}}],"collection":[{"href":"https:\/\/www.europesays.com\/fr\/wp-json\/wp\/v2\/posts"}],"about":[{"href":"https:\/\/www.europesays.com\/fr\/wp-json\/wp\/v2\/types\/post"}],"author":[{"embeddable":true,"href":"https:\/\/www.europesays.com\/fr\/wp-json\/wp\/v2\/users\/2"}],"replies":[{"embeddable":true,"href":"https:\/\/www.europesays.com\/fr\/wp-json\/wp\/v2\/comments?post=624290"}],"version-history":[{"count":0,"href":"https:\/\/www.europesays.com\/fr\/wp-json\/wp\/v2\/posts\/624290\/revisions"}],"wp:featuredmedia":[{"embeddable":true,"href":"https:\/\/www.europesays.com\/fr\/wp-json\/wp\/v2\/media\/624291"}],"wp:attachment":[{"href":"https:\/\/www.europesays.com\/fr\/wp-json\/wp\/v2\/media?parent=624290"}],"wp:term":[{"taxonomy":"category","embeddable":true,"href":"https:\/\/www.europesays.com\/fr\/wp-json\/wp\/v2\/categories?post=624290"},{"taxonomy":"post_tag","embeddable":true,"href":"https:\/\/www.europesays.com\/fr\/wp-json\/wp\/v2\/tags?post=624290"}],"curies":[{"name":"wp","href":"https:\/\/api.w.org\/{rel}","templated":true}]}}