{"id":624299,"date":"2025-12-27T00:56:13","date_gmt":"2025-12-27T00:56:13","guid":{"rendered":"https:\/\/www.europesays.com\/fr\/624299\/"},"modified":"2025-12-27T00:56:13","modified_gmt":"2025-12-27T00:56:13","slug":"dune-inelegance-crasse-et-dune-connerie-pas-possible-dominique-rizet-regle-ses-comptes-avec-marie-drucker","status":"publish","type":"post","link":"https:\/\/www.europesays.com\/fr\/624299\/","title":{"rendered":"\u00ab\u00a0D&rsquo;une in\u00e9l\u00e9gance crasse et d\u2019une connerie pas possible\u00a0\u00bb, Dominique Rizet r\u00e8gle ses comptes avec Marie Drucker"},"content":{"rendered":"<p>      R\u00e9sum\u00e9<\/p>\n<p>Dominique Rizet exprime son ressentiment envers France T\u00e9l\u00e9visions suite \u00e0 l&rsquo;arr\u00eat inattendu de \u00ab\u00a0Faites entrer l&rsquo;accus\u00e9\u00a0\u00bb et la reprise parall\u00e8le du concept par Marie Drucker.<\/p>\n<p>        Sommaire<\/p>\n<p><strong>S&rsquo;il est d\u00e9sormais un visage embl\u00e9matique de BFMTV<\/strong>, Dominique Rizet doit une majeure partie de sa carri\u00e8re \u00e0 une seule \u00e9mission : Faites entrer l&rsquo;accus\u00e9. En 2000, alors grand reporter pour le Figaro Magazine, le journaliste est choisi comme conseiller \u00e9ditorial pour le lancement du programme culte. Aux c\u00f4t\u00e9s de <a href=\"https:\/\/vsd.fr\/12042-video-pour-christophe-hondelatte-lepoque-est-a-la-couille-molle\/\" target=\"_blank\" rel=\"noopener\">Christophe Hondelatte<\/a>, Christian Gerin, Bernard Faroux et Christian Huleu, il participe au lancement de Faites entrer l&rsquo;accus\u00e9. <strong>Il en sera le chroniqueur permanent sur plus de 250 \u00e9missions<\/strong>.<\/p>\n<p>Mais en 2011, \u00e0 la surprise g\u00e9n\u00e9rale, France T\u00e9l\u00e9visions <strong>d\u00e9cide de supprimer le programme de faits divers \u00e0 Christophe Hondelatte<\/strong>. Le journaliste est limog\u00e9, puis remplac\u00e9 par Fr\u00e9d\u00e9rique Lantieri jusqu&rsquo;en 2020. Depuis six ans, il est \u00e0 retrouver sur les ondes du groupe RMC-BFM, avec <strong>Christophe Delay<\/strong> et toujours Dominique Rizet. Le visage historique du programme garde n\u00e9anmoins une certaine ranc\u0153ur envers les dirigeants du service public.<\/p>\n<p>Les faits divers arr\u00eat\u00e9s&#8230; jusqu&rsquo;\u00e0 que la marque ne soit rachet\u00e9e<\/p>\n<p>En effet, interview\u00e9 par Jordan de Luxe, le sp\u00e9cialiste des faits divers <strong>regrette l&rsquo;absence de loyaut\u00e9 du service public<\/strong>. A l&rsquo;\u00e9poque, les dirigeants assurent vouloir arr\u00eater Faites entrer l&rsquo;accus\u00e9 sur seul motif de ne plus vouloir proposer du fait divers sur le service public. Mais la r\u00e9alit\u00e9 est tout autre, puisque quelques mois plus tard, <strong>Marie Drucker se verra confier un programme similaire<\/strong>&#8230; Une in\u00e9l\u00e9gance que ne pardonne pas Dominique Rizet.<\/p>\n<p>\u00ab\u00a0Je leur en veux beaucoup. <strong>La direction ne voulait plus de fait divers, ils disaient qu\u2019ils mettraient \u00e7a sur France 3<\/strong>. Ce n\u2019\u00e9tait pas propre sur le service public. Donc, on avait des num\u00e9ros enregistr\u00e9s avec Fred, et \u00e7a tra\u00eenait avant leur diffusion\u00a0\u00bb se souvient Dominique Rizet. La marque est alors rachet\u00e9e par BFM-RMC, <strong>qui la relance d&rsquo;abord avec Rachid M&rsquo;Barki<\/strong>, <a href=\"https:\/\/www.public.fr\/rachid-m-barki-presentateur-star-de-bfmtv-aurait-diffuse-des-contenus-non-valides-a-l-antenne-l-affaire-qui-fait-grand-bruit\" target=\"_blank\" rel=\"noopener\">depuis licenci\u00e9<\/a>. Mais \u00e0 cette \u00e9poque, visiblement piqu\u00e9e au vif, la cha\u00eene publique se d\u00e9cide \u00e0 finalement r\u00e9trop\u00e9daler en renouant avec le fait divers.<\/p>\n<p>Dominique Rizet ne pense que du mal de FRTV<\/p>\n<p>\u00ab\u00a0Et derri\u00e8re, qu\u2019est-ce que fait France TV\u00a0? <strong>Ils installent Marie Drucker et Alain Bauer le samedi apr\u00e8s-midi pour faire la m\u00eame chose<\/strong>. C\u2019est d\u2019une in\u00e9l\u00e9gance crasse et d\u2019une connerie pas possible\u00a0\u00bb tacle Dominique Rizet. Aujourd&rsquo;hui revanchard, le journaliste juge les critiques envers le service public justifi\u00e9es : \u00ab\u00a0C\u2019est vrai que CNews et Europe 1 taillent le service public en permanence&#8230; Mais ils n\u2019ont peut-\u00eatre pas compl\u00e8tement tort. En tout cas, l\u2019histoire que je vous raconte t\u00e9moigne <strong>qu\u2019il y a vraiment eu des erreurs de pilotage \u00e0 France TV<\/strong>\u00ab\u00a0.<\/p>\n<p>\n          Hits &amp; People en continu\n        <\/p>\n<p>\n          Public Radio\n        <\/p>\n<p>      Mentionn\u00e9s dans cet article<\/p>\n<p>      Sur le m\u00eame sujet<\/p>\n","protected":false},"excerpt":{"rendered":"R\u00e9sum\u00e9 Dominique Rizet exprime son ressentiment envers France T\u00e9l\u00e9visions suite \u00e0 l&rsquo;arr\u00eat inattendu de \u00ab\u00a0Faites entrer l&rsquo;accus\u00e9\u00a0\u00bb et&hellip;\n","protected":false},"author":2,"featured_media":624300,"comment_status":"","ping_status":"","sticky":false,"template":"","format":"standard","meta":{"footnotes":""},"categories":[8],"tags":[10943,47345,12232,58,59,1011,27,594,73357],"class_list":{"0":"post-624299","1":"post","2":"type-post","3":"status-publish","4":"format-standard","5":"has-post-thumbnail","7":"category-divertissement","8":"tag-bfm-tv","9":"tag-christophe-hondelatte","10":"tag-clash","11":"tag-divertissement","12":"tag-entertainment","13":"tag-fr","14":"tag-france","15":"tag-france-2","16":"tag-marie-drucker"},"share_on_mastodon":{"url":"https:\/\/pubeurope.com\/@fr\/115788813953154305","error":""},"_links":{"self":[{"href":"https:\/\/www.europesays.com\/fr\/wp-json\/wp\/v2\/posts\/624299","targetHints":{"allow":["GET"]}}],"collection":[{"href":"https:\/\/www.europesays.com\/fr\/wp-json\/wp\/v2\/posts"}],"about":[{"href":"https:\/\/www.europesays.com\/fr\/wp-json\/wp\/v2\/types\/post"}],"author":[{"embeddable":true,"href":"https:\/\/www.europesays.com\/fr\/wp-json\/wp\/v2\/users\/2"}],"replies":[{"embeddable":true,"href":"https:\/\/www.europesays.com\/fr\/wp-json\/wp\/v2\/comments?post=624299"}],"version-history":[{"count":0,"href":"https:\/\/www.europesays.com\/fr\/wp-json\/wp\/v2\/posts\/624299\/revisions"}],"wp:featuredmedia":[{"embeddable":true,"href":"https:\/\/www.europesays.com\/fr\/wp-json\/wp\/v2\/media\/624300"}],"wp:attachment":[{"href":"https:\/\/www.europesays.com\/fr\/wp-json\/wp\/v2\/media?parent=624299"}],"wp:term":[{"taxonomy":"category","embeddable":true,"href":"https:\/\/www.europesays.com\/fr\/wp-json\/wp\/v2\/categories?post=624299"},{"taxonomy":"post_tag","embeddable":true,"href":"https:\/\/www.europesays.com\/fr\/wp-json\/wp\/v2\/tags?post=624299"}],"curies":[{"name":"wp","href":"https:\/\/api.w.org\/{rel}","templated":true}]}}