{"id":624301,"date":"2025-12-27T00:57:16","date_gmt":"2025-12-27T00:57:16","guid":{"rendered":"https:\/\/www.europesays.com\/fr\/624301\/"},"modified":"2025-12-27T00:57:16","modified_gmt":"2025-12-27T00:57:16","slug":"avec-ses-bras-et-ses-mains-le-robot-de-lg-veut-soccuper-des-taches-domestiques","status":"publish","type":"post","link":"https:\/\/www.europesays.com\/fr\/624301\/","title":{"rendered":"Avec ses bras et ses mains, le robot de LG veut s&rsquo;occuper des t\u00e2ches domestiques"},"content":{"rendered":"<p>M\u00eame s\u2019ils sont encore tr\u00e8s loin de convaincre, les robots capables d\u2019effectuer des t\u00e2ches domestiques repr\u00e9sentent pour les constructeurs un march\u00e9 au potentiel gigantesque. Qui aime vraiment faire la vaisselle, sortir les poubelles ou plier le linge\u00a0? LG, acteur pr\u00e9coce de la robotique grand public, veut sa part du g\u00e2teau.<\/p>\n<p>Les annonces se multiplient autour des robots humanoides capables d\u2019effectuer toutes sortes de t\u00e2ches du quotidien, mais pour le moment aucun n\u2019a r\u00e9ussi \u00e0 s\u2019imposer et pour cause\u00a0: l\u2019offre n\u2019existe tout simplement pas. L\u2019Optimus de Tesla ressemble \u00e0 une <a href=\"https:\/\/www.01net.com\/actualites\/tesla-optimus-ce-geste-embarrassant-seme-le-doute-sur-son-autonomie.html\" target=\"_blank\" rel=\"noopener\">vaste blague<\/a>, et <a href=\"https:\/\/www.01net.com\/actualites\/neo-le-robot-domestique-du-moment-nest-quune-illusion.html\" target=\"_blank\" rel=\"noopener\">le NEO a besoin qu\u2019un humain<\/a>\u00a0prenne le contr\u00f4le pour la moindre op\u00e9ration.<\/p>\n<p> Un robot \u00e0 tout faire pour la maison <\/p>\n<p>\u00c0 leur d\u00e9charge, les robots humanoides ont une sacr\u00e9e montagne \u00e0 gravir. Non seulement ils doivent pouvoir se mouvoir dans la maison en toute autonomie sur leurs deux jambes, mais en plus les t\u00e2ches qu\u2019ils doivent accomplir sont extr\u00eamement compliqu\u00e9es. Plier du linge ou faire la vaisselle, \u00e7a n\u2019a l\u2019air de rien comme \u00e7a, mais ces op\u00e9rations n\u00e9cessitent des tr\u00e9sors d\u2019intelligence et des syst\u00e8mes m\u00e9caniques extr\u00eamement complexes.<\/p>\n<p>Cela n\u2019emp\u00eache pas l\u2019industrie de pr\u00e9parer le terrain. Et <strong>LG<\/strong> ne sera pas en reste. Le constructeur cor\u00e9en, qui investit beaucoup dans le secteur de la robotique depuis des ann\u00e9es, l\u00e8vera le voile sur son nouveau robot durant le <strong>CES<\/strong>, d\u00e9but janvier. Le bizarrement nomm\u00e9 \u00ab\u00a0<strong>CLOiD<\/strong>\u00a0\u00bb ne sera probablement pas \u00e9quip\u00e9 de deux jambes, du moins LG n\u2019en fait pas mention. En revanche, il sera en mesure d\u2019accomplir \u00ab\u00a0un large \u00e9ventail de t\u00e2ches domestiques en int\u00e9rieur\u00a0\u00bb, promet l\u2019entreprise.<\/p>\n<p> <img loading=\"lazy\" decoding=\"async\" class=\"size-full wp-image-1317416\" src=\"https:\/\/www.europesays.com\/fr\/wp-content\/uploads\/2025\/12\/lg-cloid-robot-2.jpg\" alt=\"Lg Cloid Robot 2\" width=\"1920\" height=\"1280\"  \/>\u00a9 LG <\/p>\n<p>Si LG est chiche en d\u00e9tails et en images (\u00e0 part les deux publi\u00e9s ici), on sait toutefois que le CLOiD sera \u00e9quip\u00e9 de deux bras articul\u00e9s actionn\u00e9s par des moteurs ayant \u00ab\u00a0sept degr\u00e9s de libert\u00e9 chacun\u00a0\u00bb, soit autant d\u2019axes de mouvements ind\u00e9pendants (rotation de l\u2019\u00e9paule, \u00e9l\u00e9vation du bras, flexion du coude, rotation du poignet, etc.), ce qui permet des gestes proches des mouvements naturels. Chaque main poss\u00e8de cinq doigts actionn\u00e9s individuellement\u00a0: le robot sera de la sorte capable d\u2019ex\u00e9cuter \u00ab\u00a0des t\u00e2ches d\u00e9licates et pr\u00e9cises n\u00e9cessitant un contr\u00f4le fin des gestes.\u00a0\u00bb<\/p>\n<p>Le robot aura aussi\u2026 une t\u00eate (!), qui fait office de cerveau avec une puce d\u00e9di\u00e9e. Elle se compl\u00e8te d\u2019un \u00e9cran, un haut-parleur, une cam\u00e9ra et un ensemble de capteurs pour une \u00ab\u00a0communication expressive\u00a0\u00bb, et des interactions vocales naturelles. Ainsi arm\u00e9, le CLOiD saura analyser et interagir avec son environnement et les utilisateurs. LG a d\u00e9velopp\u00e9 une IA baptis\u00e9e \u00ab\u00a0Affectionate Intelligence\u00a0\u00bb <a href=\"https:\/\/www.lg.com\/us\/press-release\/lg-unveils-a-day-in-a-life-with-affectionate-intelligence-at-lg-world-premiere\" target=\"_blank\" rel=\"noopener\">cens\u00e9e<\/a>\u00a0mieux comprendre et saisir les attentes de l\u2019utilisateur.<\/p>\n<p>Impossible de savoir pour le moment s\u2019il ne s\u2019agit que d\u2019un prototype ou d\u2019un produit pr\u00eat \u00e0 \u00eatre commercialis\u00e9, et le cas \u00e9ch\u00e9ant \u00e0 quel prix. On en saura plus \u00e0 partir du 6 janvier, date d\u2019ouverture du CES.<\/p>\n<blockquote style=\"border:1px solid grey;border-radius:8px;\">\n<p class=\"text-base text-neutral-700 dark:text-neutral-300\" style=\"color:grey;\">\ud83d\udc49\ud83c\udffb Suivez l\u2019actualit\u00e9 tech en temps r\u00e9el\u00a0: ajoutez 01net \u00e0 vos sources sur <a href=\"https:\/\/profile.google.com\/cp\/CgovbS8wd2Juam1fGhZodHRwczovL3d3dy4wMW5ldC5jb20v?pf=6\" target=\"_blank\" rel=\"noopener\">Google<\/a>, et abonnez-vous \u00e0 notre canal <a href=\"https:\/\/whatsapp.com\/channel\/0029VaH5gKg6xCSG9nQQhQ1Z\" target=\"_blank\" rel=\"noopener\">WhatsApp<\/a>.<\/p>\n<\/blockquote>\n<p class=\"post-source text-right text-sm opacity-70 not-prose\">\n            Source :<br \/>\n            <a href=\"https:\/\/www.lgnewsroom.com\/2025\/12\/lg-to-unveil-home-robot-at-ces-2026-sharing-vision-for-the-zero-labor-home\/\" target=\"_blank\" rel=\"noopener\" class=\"italic\"><br \/>\n              LG<br \/>\n            <\/a>\n          <\/p>\n","protected":false},"excerpt":{"rendered":"M\u00eame s\u2019ils sont encore tr\u00e8s loin de convaincre, les robots capables d\u2019effectuer des t\u00e2ches domestiques repr\u00e9sentent pour les&hellip;\n","protected":false},"author":2,"featured_media":624302,"comment_status":"","ping_status":"","sticky":false,"template":"","format":"standard","meta":{"footnotes":""},"categories":[7],"tags":[73358,1011,27,27066,73359,43,40,41,39,42,44],"class_list":{"0":"post-624301","1":"post","2":"type-post","3":"status-publish","4":"format-standard","5":"has-post-thumbnail","7":"category-sciences-et-technologies","8":"tag-ces-2026","9":"tag-fr","10":"tag-france","11":"tag-lg","12":"tag-lg-cloid","13":"tag-science","14":"tag-science-and-technology","15":"tag-sciences","16":"tag-sciences-et-technologies","17":"tag-technologies","18":"tag-technology"},"share_on_mastodon":{"url":"https:\/\/pubeurope.com\/@fr\/115788818433394899","error":""},"_links":{"self":[{"href":"https:\/\/www.europesays.com\/fr\/wp-json\/wp\/v2\/posts\/624301","targetHints":{"allow":["GET"]}}],"collection":[{"href":"https:\/\/www.europesays.com\/fr\/wp-json\/wp\/v2\/posts"}],"about":[{"href":"https:\/\/www.europesays.com\/fr\/wp-json\/wp\/v2\/types\/post"}],"author":[{"embeddable":true,"href":"https:\/\/www.europesays.com\/fr\/wp-json\/wp\/v2\/users\/2"}],"replies":[{"embeddable":true,"href":"https:\/\/www.europesays.com\/fr\/wp-json\/wp\/v2\/comments?post=624301"}],"version-history":[{"count":0,"href":"https:\/\/www.europesays.com\/fr\/wp-json\/wp\/v2\/posts\/624301\/revisions"}],"wp:featuredmedia":[{"embeddable":true,"href":"https:\/\/www.europesays.com\/fr\/wp-json\/wp\/v2\/media\/624302"}],"wp:attachment":[{"href":"https:\/\/www.europesays.com\/fr\/wp-json\/wp\/v2\/media?parent=624301"}],"wp:term":[{"taxonomy":"category","embeddable":true,"href":"https:\/\/www.europesays.com\/fr\/wp-json\/wp\/v2\/categories?post=624301"},{"taxonomy":"post_tag","embeddable":true,"href":"https:\/\/www.europesays.com\/fr\/wp-json\/wp\/v2\/tags?post=624301"}],"curies":[{"name":"wp","href":"https:\/\/api.w.org\/{rel}","templated":true}]}}