{"id":624317,"date":"2025-12-27T01:10:13","date_gmt":"2025-12-27T01:10:13","guid":{"rendered":"https:\/\/www.europesays.com\/fr\/624317\/"},"modified":"2025-12-27T01:10:13","modified_gmt":"2025-12-27T01:10:13","slug":"previsions-du-samedi-27-decembre-2025","status":"publish","type":"post","link":"https:\/\/www.europesays.com\/fr\/624317\/","title":{"rendered":"pr\u00e9visions du samedi 27 d\u00e9cembre 2025"},"content":{"rendered":"<p>Montpellier va \u00eatre baign\u00e9e de soleil au cours de cette journ\u00e9e. On anticipe des temp\u00e9ratures avoisinant 9\u00b0C. Un vent de nord-est rafra\u00eechira l\u00e9g\u00e8rement l&rsquo;atmosph\u00e8re. Il fera 7\u00b0C en moyenne le matin. Les temp\u00e9ratures vont grimper pendant l&rsquo;apr\u00e8s-midi de quelques degr\u00e9s. Les valeurs s&rsquo;\u00e9chelonneront de 9 \u00e0 12\u00b0C. La ville aura quelques \u00e9claircies le soir. Les maximales atteindront les 9\u00b0C et les minimales seront de 8\u00b0C. Durant la nuit de samedi \u00e0 dimanche, le ciel sera limpide.<\/p>\n<p>Un beau soleil est attendu demain \u00e0 Montpellier. Il va faire en moyenne 9\u00b0C. Une modeste brise de nord sera ressentie par les habitants. Dans la matin\u00e9e, les temp\u00e9ratures seront de 7\u00b0C. Les valeurs s&rsquo;\u00e9chelonneront entre 8\u00b0C et 11\u00b0C dans l&rsquo;apr\u00e8s-midi. Le ciel va s&rsquo;\u00e9claircir dans la soir\u00e9e. Les valeurs seront comprises entre 7 et 8\u00b0C.<\/p>\n<p>Peu de changements pour la suite. Il va faire un temps plut\u00f4t ensoleill\u00e9 avec des temp\u00e9ratures autour de 5\u00b0C.<\/p>\n<p><\/p>\n","protected":false},"excerpt":{"rendered":"Montpellier va \u00eatre baign\u00e9e de soleil au cours de cette journ\u00e9e. On anticipe des temp\u00e9ratures avoisinant 9\u00b0C. Un&hellip;\n","protected":false},"author":2,"featured_media":624318,"comment_status":"","ping_status":"","sticky":false,"template":"","format":"standard","meta":{"footnotes":""},"categories":[9599],"tags":[1111,11,1777,674,1011,27,2208,12,2680,2119,25],"class_list":{"0":"post-624317","1":"post","2":"type-post","3":"status-publish","4":"format-standard","5":"has-post-thumbnail","7":"category-montpellier","8":"tag-actu","9":"tag-actualites","10":"tag-eu","11":"tag-europe","12":"tag-fr","13":"tag-france","14":"tag-montpellier","15":"tag-news","16":"tag-occitanie","17":"tag-previsions-meteo","18":"tag-republique-francaise"},"share_on_mastodon":{"url":"https:\/\/pubeurope.com\/@fr\/115788868693015411","error":""},"_links":{"self":[{"href":"https:\/\/www.europesays.com\/fr\/wp-json\/wp\/v2\/posts\/624317","targetHints":{"allow":["GET"]}}],"collection":[{"href":"https:\/\/www.europesays.com\/fr\/wp-json\/wp\/v2\/posts"}],"about":[{"href":"https:\/\/www.europesays.com\/fr\/wp-json\/wp\/v2\/types\/post"}],"author":[{"embeddable":true,"href":"https:\/\/www.europesays.com\/fr\/wp-json\/wp\/v2\/users\/2"}],"replies":[{"embeddable":true,"href":"https:\/\/www.europesays.com\/fr\/wp-json\/wp\/v2\/comments?post=624317"}],"version-history":[{"count":0,"href":"https:\/\/www.europesays.com\/fr\/wp-json\/wp\/v2\/posts\/624317\/revisions"}],"wp:featuredmedia":[{"embeddable":true,"href":"https:\/\/www.europesays.com\/fr\/wp-json\/wp\/v2\/media\/624318"}],"wp:attachment":[{"href":"https:\/\/www.europesays.com\/fr\/wp-json\/wp\/v2\/media?parent=624317"}],"wp:term":[{"taxonomy":"category","embeddable":true,"href":"https:\/\/www.europesays.com\/fr\/wp-json\/wp\/v2\/categories?post=624317"},{"taxonomy":"post_tag","embeddable":true,"href":"https:\/\/www.europesays.com\/fr\/wp-json\/wp\/v2\/tags?post=624317"}],"curies":[{"name":"wp","href":"https:\/\/api.w.org\/{rel}","templated":true}]}}