{"id":62432,"date":"2025-04-29T18:23:09","date_gmt":"2025-04-29T18:23:09","guid":{"rendered":"https:\/\/www.europesays.com\/fr\/62432\/"},"modified":"2025-04-29T18:23:09","modified_gmt":"2025-04-29T18:23:09","slug":"paris-projections-en-plein-air-lile-saint-louis-magnifiee-nuit-blanche-2025-mettra-le-cinema-a-lhonneur","status":"publish","type":"post","link":"https:\/\/www.europesays.com\/fr\/62432\/","title":{"rendered":"Paris\u00a0: projections en plein air, l\u2019\u00cele Saint-Louis magnifi\u00e9e\u2026 Nuit Blanche 2025 mettra le cin\u00e9ma \u00e0 l\u2019honneur"},"content":{"rendered":"<p class=\"paragraph text_align_left\">Et le 7e art entrera dans les rues de Paris. Nous serons le 7 juin quand <a href=\"https:\/\/www.leparisien.fr\/paris-75\/de-paris-a-noumea-nuit-blanche-2024-sera-la-plus-longue-depuis-sa-creation-21-01-2024-HWB7I7UGIBAJDE2DBQH4DORV3I.php\" target=\"_self\" rel=\"nofollow noopener\">la 24e \u00e9dition de Nuit Blanche<\/a> se tiendra dans la capitale. Au programme, plus de cent projets artistiques dans toute la ville, avec comme fil conducteur le cin\u00e9ma. Cette ann\u00e9e, la Ville de Paris a donn\u00e9 carte blanche \u00e0 la r\u00e9alisatrice et actrice <a href=\"https:\/\/www.leparisien.fr\/paris-75\/paris-valerie-donzelli-realisatrice-de-la-guerre-est-declaree-aux-manettes-de-la-nuit-blanche-2025-22-10-2024-EV3QLJXXIZCODE77V7YOS4NQ2E.php\" target=\"_self\" rel=\"nofollow noopener\">Val\u00e9rie Donzelli, devenue directrice artistique de Nuit Blanche 2025<\/a>.<\/p>\n<p class=\"paragraph text_align_left\">Aux quatre coins de la capitale, plusieurs projections seront propos\u00e9es, \u00e0 l\u2019image du cin\u00e9ma <a href=\"https:\/\/www.leparisien.fr\/culture-loisirs\/cinema\/le-plus-triste-ce-sont-les-affiches-qui-tombent-la-vie-en-suspens-des-exploitants-de-cinema-15-01-2021-8419374.php\" target=\"_self\" rel=\"nofollow noopener\">\u00ab Les 7 Parnassiens \u00bb<\/a>, dans le XIVe arrondissement, qui pr\u00e9sentera les \u0153uvres vid\u00e9os li\u00e9es autour du th\u00e8me de la r\u00e9sistance, sous toutes ses formes. Anne-Charlotte Finel, Cl\u00e9ment Cogitore ou encore Alice Brygo seront notamment mis en avant.<\/p>\n<p>\u00ab Transformer l\u2019espace public en une toile de projection \u00e9ph\u00e9m\u00e8re \u00bb<\/p>\n<p class=\"paragraph text_align_left\">Ailleurs dans Paris, d\u2019autres \u0153uvres cin\u00e9matographiques seront projet\u00e9es en plein air. De quoi \u00ab transformer l\u2019espace public en une toile de projection \u00e9ph\u00e9m\u00e8re \u00bb, fait savoir la Ville de Paris dans un communiqu\u00e9. Des projections sont ainsi pr\u00e9vues au terrain de sport des jardins Saint-Paul 9 (Paris Centre), sur le quai de Valmy (Xe) et sur les places Ferdinand-Brunot (XIVe), Nathalie-Sarraute (XVIIIe) et celle des F\u00eates (XIXe). De son c\u00f4t\u00e9, l\u2019\u00cele-Saint-Louis accueillera les projets de C\u00e9line Bozon, dans le square Barye et la place Aragon, ainsi que celui d\u2019Adrien Lamm, dans le square Barye \u00e9galement.<\/p>\n<p class=\"paragraph text_align_left\">\u00ab Avec Nuit Blanche 2025, <a href=\"https:\/\/www.leparisien.fr\/paris-75\/cest-une-premiere-en-france-comment-la-ville-de-paris-veut-proteger-les-cinemas-independants-13-12-2024-IYFTXKJNMZE3NCIJMPWQSINERM.php\" target=\"_self\" rel=\"nofollow noopener\">je raconte une histoire comme au cin\u00e9ma<\/a>, celle de la nuit devenue un espace de r\u00e9sistance, de libert\u00e9 cr\u00e9atrice et humaine, \u00e0 rebours d\u2019un monde du jour carc\u00e9ral. Paris se transforme en un immense plateau de cin\u00e9ma, sc\u00e9nographi\u00e9 et \u00e9clair\u00e9, \u00e9maill\u00e9 de projections, de performances et d\u2019installations \u00bb, se r\u00e9jouit d\u2019avance la r\u00e9alisatrice de La Reine des pommes et La guerre est d\u00e9clar\u00e9e.<\/p>\n<p><img decoding=\"async\" class=\"image \" loading=\"lazy\" src=\"https:\/\/www.europesays.com\/fr\/wp-content\/uploads\/2025\/04\/C65NRKH4HJABBHGVRAPQUSY6ZI.jpg\" alt=\"L'affiche de l'\u00e9dition 2025 de la Nuit Blanche a \u00e9t\u00e9 pens\u00e9e et r\u00e9alis\u00e9e par Michel Gondry. Ville de Paris\" align=\"\" data-rubrique-principale=\"\" data-article-type=\"\" fetchpriority=\"auto\"\/>L&rsquo;affiche de l&rsquo;\u00e9dition 2025 de la Nuit Blanche a \u00e9t\u00e9 pens\u00e9e et r\u00e9alis\u00e9e par Michel Gondry. Ville de Paris<\/p>\n<p class=\"paragraph text_align_left\">Dans le XVe arrondissement, un film de 10 minutes r\u00e9alis\u00e9 par Michel Gondry sera projet\u00e9, le r\u00e9alisateur \u00e9tant d\u2019ailleurs l\u2019homme derri\u00e8re l\u2019affiche de cette 24e Nuit Blanche. Un film d\u2019animation en papiers d\u00e9coup\u00e9s sous forme de \u00ab making-of d\u00e9cal\u00e9 \u00bb, intitul\u00e9 \u00ab Quelle Nuit Blanche ! \u00bb, attirera les curieux de la place Raoul-Dautry. De quoi donner \u00ab une programmation vibrante qui nous donne une magnifique occasion de c\u00e9l\u00e9brer les 130 ans du cin\u00e9ma, et son histoire toujours renouvel\u00e9e avec Paris \u00bb, t\u00e9moigne Carine Rolland, adjointe \u00e0 la maire de <a href=\"https:\/\/www.leparisien.fr\/paris-75\/\" target=\"_self\" rel=\"nofollow noopener\">Paris<\/a> en charge de la culture.<\/p>\n<p class=\"paragraph text_align_left\">Mais Nuit Blanche 2025 ne s\u2019arr\u00eatera pas au 7e art et proposera \u00e9galement une installation sonore et lumineuse dans <a href=\"https:\/\/www.leparisien.fr\/paris-75\/ca-a-lair-trop-beau-a-paris-la-chapelle-de-la-sorbonne-fermee-depuis-25-ans-va-rouvrir-ses-portes-16-01-2025-4EHSKWTKBFBX3DL5O2HB5ADCJY.php\" target=\"_self\" rel=\"nofollow noopener\">la chapelle de la Sorbonne<\/a> (Ve), un DJ set au gymnase de La Bidassoa (XXe) mais aussi des projections et performances <a href=\"https:\/\/www.leparisien.fr\/paris-75\/paris-les-grandes-ambitions-dannick-lemoine-nouvelle-directrice-du-petit-palais-23-01-2022-Z26J2U4QYBHA7KPKM7DB6O3GL4.php\" target=\"_self\" rel=\"nofollow noopener\">au Petit Palais<\/a> (VIIIe). Aussi, certaines communes de la m\u00e9tropole du Grand Paris profiteront comme chaque ann\u00e9e depuis 2019 de cette Nuit Blanche. Leurs projets seront annonc\u00e9s prochainement.<\/p>\n","protected":false},"excerpt":{"rendered":"Et le 7e art entrera dans les rues de Paris. Nous serons le 7 juin quand la 24e&hellip;\n","protected":false},"author":2,"featured_media":62433,"comment_status":"","ping_status":"","sticky":false,"template":"","format":"standard","meta":{"footnotes":""},"categories":[1888],"tags":[11,1777,674,1011,27,1944,12,626,25],"class_list":{"0":"post-62432","1":"post","2":"type-post","3":"status-publish","4":"format-standard","5":"has-post-thumbnail","7":"category-paris","8":"tag-actualites","9":"tag-eu","10":"tag-europe","11":"tag-fr","12":"tag-france","13":"tag-ma-ville","14":"tag-news","15":"tag-paris","16":"tag-republique-francaise"},"share_on_mastodon":{"url":"https:\/\/pubeurope.com\/@fr\/114422651491825039","error":""},"_links":{"self":[{"href":"https:\/\/www.europesays.com\/fr\/wp-json\/wp\/v2\/posts\/62432","targetHints":{"allow":["GET"]}}],"collection":[{"href":"https:\/\/www.europesays.com\/fr\/wp-json\/wp\/v2\/posts"}],"about":[{"href":"https:\/\/www.europesays.com\/fr\/wp-json\/wp\/v2\/types\/post"}],"author":[{"embeddable":true,"href":"https:\/\/www.europesays.com\/fr\/wp-json\/wp\/v2\/users\/2"}],"replies":[{"embeddable":true,"href":"https:\/\/www.europesays.com\/fr\/wp-json\/wp\/v2\/comments?post=62432"}],"version-history":[{"count":0,"href":"https:\/\/www.europesays.com\/fr\/wp-json\/wp\/v2\/posts\/62432\/revisions"}],"wp:featuredmedia":[{"embeddable":true,"href":"https:\/\/www.europesays.com\/fr\/wp-json\/wp\/v2\/media\/62433"}],"wp:attachment":[{"href":"https:\/\/www.europesays.com\/fr\/wp-json\/wp\/v2\/media?parent=62432"}],"wp:term":[{"taxonomy":"category","embeddable":true,"href":"https:\/\/www.europesays.com\/fr\/wp-json\/wp\/v2\/categories?post=62432"},{"taxonomy":"post_tag","embeddable":true,"href":"https:\/\/www.europesays.com\/fr\/wp-json\/wp\/v2\/tags?post=62432"}],"curies":[{"name":"wp","href":"https:\/\/api.w.org\/{rel}","templated":true}]}}