{"id":624321,"date":"2025-12-27T01:15:26","date_gmt":"2025-12-27T01:15:26","guid":{"rendered":"https:\/\/www.europesays.com\/fr\/624321\/"},"modified":"2025-12-27T01:15:26","modified_gmt":"2025-12-27T01:15:26","slug":"homme-violente-et-sequestre-a-la-villeneuve-les-trois-suspects-relaches-2","status":"publish","type":"post","link":"https:\/\/www.europesays.com\/fr\/624321\/","title":{"rendered":"Homme violent\u00e9 et s\u00e9questr\u00e9 \u00e0 La Villeneuve : les trois suspects rel\u00e2ch\u00e9s"},"content":{"rendered":"<p itemprop=\"description\"><strong>Leur audition n&rsquo;a pas \u00e9t\u00e9 concluante.<\/strong><\/p>\n<p>Interpell\u00e9s mercredi matin, deux hommes et une femme soup\u00e7onn\u00e9s d&rsquo;\u00eatre li\u00e9s \u00e0 la s\u00e9questration violente d&rsquo;un jeune habitant de La Villeneuve \u00e0 Grenoble ont finalement \u00e9t\u00e9 laiss\u00e9s libres jeudi.<\/p>\n<p>Selon le Dauphin\u00e9 Lib\u00e9r\u00e9, le trio ne fait l&rsquo;objet d&rsquo;aucune poursuite.<\/p>\n<p>Les policiers se sont-ils tromp\u00e9s en les interpellant ? Ou ne disposent-ils pas suffisamment de preuves pour l&rsquo;instant ?<\/p>\n<p>Pour rappel, un homme avait appel\u00e9 le 17 mercredi matin, d\u00e9clarant avoir \u00e9t\u00e9 attaqu\u00e9 et s\u00e9questr\u00e9 par trois personnes pour lui voler son t\u00e9l\u00e9phone portable sous la menace d&rsquo;un couteau.<\/p>\n<p>Lors de l&rsquo;intervention des forces de l&rsquo;ordre, les trois suspects se trouvaient dans l&rsquo;appartement de la rue Henry Duhamel o\u00f9 les faits se sont d\u00e9roul\u00e9s.<\/p>\n<p>L&rsquo;enqu\u00eate se poursuit.<\/p>\n","protected":false},"excerpt":{"rendered":"Leur audition n&rsquo;a pas \u00e9t\u00e9 concluante. Interpell\u00e9s mercredi matin, deux hommes et une femme soup\u00e7onn\u00e9s d&rsquo;\u00eatre li\u00e9s \u00e0&hellip;\n","protected":false},"author":2,"featured_media":624003,"comment_status":"","ping_status":"","sticky":false,"template":"","format":"standard","meta":{"footnotes":""},"categories":[9566],"tags":[1111,11,2813,2430,1109,251,1112,2811,1777,674,118,1011,27,21780,2731,14004,1922,1110,1114,108,12,316,25,2812,517,800],"class_list":{"0":"post-624321","1":"post","2":"type-post","3":"status-publish","4":"format-standard","5":"has-post-thumbnail","7":"category-grenoble","8":"tag-actu","9":"tag-actualites","10":"tag-article","11":"tag-auvergne-rhone-alpes","12":"tag-breves","13":"tag-culture","14":"tag-depeches","15":"tag-economique","16":"tag-eu","17":"tag-europe","18":"tag-faits-divers","19":"tag-fr","20":"tag-france","21":"tag-gf38","22":"tag-grenoble","23":"tag-grenoblemag","24":"tag-info","25":"tag-informations","26":"tag-infos","27":"tag-isere","28":"tag-news","29":"tag-politique","30":"tag-republique-francaise","31":"tag-sociale","32":"tag-sport","33":"tag-transports"},"share_on_mastodon":{"url":"https:\/\/pubeurope.com\/@fr\/115788888366430307","error":""},"_links":{"self":[{"href":"https:\/\/www.europesays.com\/fr\/wp-json\/wp\/v2\/posts\/624321","targetHints":{"allow":["GET"]}}],"collection":[{"href":"https:\/\/www.europesays.com\/fr\/wp-json\/wp\/v2\/posts"}],"about":[{"href":"https:\/\/www.europesays.com\/fr\/wp-json\/wp\/v2\/types\/post"}],"author":[{"embeddable":true,"href":"https:\/\/www.europesays.com\/fr\/wp-json\/wp\/v2\/users\/2"}],"replies":[{"embeddable":true,"href":"https:\/\/www.europesays.com\/fr\/wp-json\/wp\/v2\/comments?post=624321"}],"version-history":[{"count":0,"href":"https:\/\/www.europesays.com\/fr\/wp-json\/wp\/v2\/posts\/624321\/revisions"}],"wp:featuredmedia":[{"embeddable":true,"href":"https:\/\/www.europesays.com\/fr\/wp-json\/wp\/v2\/media\/624003"}],"wp:attachment":[{"href":"https:\/\/www.europesays.com\/fr\/wp-json\/wp\/v2\/media?parent=624321"}],"wp:term":[{"taxonomy":"category","embeddable":true,"href":"https:\/\/www.europesays.com\/fr\/wp-json\/wp\/v2\/categories?post=624321"},{"taxonomy":"post_tag","embeddable":true,"href":"https:\/\/www.europesays.com\/fr\/wp-json\/wp\/v2\/tags?post=624321"}],"curies":[{"name":"wp","href":"https:\/\/api.w.org\/{rel}","templated":true}]}}