{"id":624327,"date":"2025-12-27T01:21:33","date_gmt":"2025-12-27T01:21:33","guid":{"rendered":"https:\/\/www.europesays.com\/fr\/624327\/"},"modified":"2025-12-27T01:21:33","modified_gmt":"2025-12-27T01:21:33","slug":"municipales-2026-le-retour-de-jean-pierre-rivere-a-logc-nice-compromet-il-sa-candidature","status":"publish","type":"post","link":"https:\/\/www.europesays.com\/fr\/624327\/","title":{"rendered":"Municipales 2026\u00a0: le retour de Jean-Pierre Riv\u00e8re \u00e0 l\u2019OGC Nice compromet-il sa candidature"},"content":{"rendered":"<tr wp_automatic_readability=\"5.90625\">\n<td valign=\"middle\" align=\"center\" class=\"col-logo\" wp_automatic_readability=\"5\">\n    <img decoding=\"async\" src=\"https:\/\/maville.com\/design\/images\/logo-of-monetise.svg?version=20130627\" alt=\"logo Ouest-France\" height=\"66\"\/><\/p>\n<p>Contenu r\u00e9serv\u00e9 aux abonn\u00e9s<\/p>\n<\/td>\n<td class=\"col-titre\">\n\t\t\tVendredi 26 d\u00e9cembre 2025 17:18<br \/>\n\t\t\t<a class=\"icon-bulle sizeL count\" href=\"#ancreAvis\"><br \/>\n\t&#8230;<br \/>\n<\/a><\/td>\n<\/tr>\n<p>\t\t<a class=\"mavillebox2 elmt-photo\" href=\"https:\/\/maville.com\/photosmvi\/2025\/12\/26\/P35660623D7125199G.jpg\" title=\" Le pr\u00e9sident de l\u2019OGC Nice Jean-Pierre Riv\u00e8re au sein de l\u2019Allianz Riviera Stadium \u00e0 Nice, le 21\u00a0d\u00e9cembre 2025.  \u00a9  VALERY HACHE\/AFP  \" rel=\"galerie_actu noopener\" target=\"_blank\"><br \/>\n\t<img decoding=\"async\" src=\"https:\/\/www.europesays.com\/fr\/wp-content\/uploads\/2025\/12\/P35660623D7125199G_crop_640-330_.jpg\" alt=\"photo  le pr\u00e9sident de l\u2019ogc nice jean-pierre riv\u00e8re au sein de l\u2019allianz riviera stadium \u00e0 nice, le 21\u00a0d\u00e9cembre 2025.  \u00a9  valery hache\/afp \"\/><br \/>\n\t1<br \/>\n<\/a><\/p>\n<p class=\"elmt-legende\"> Le pr\u00e9sident de l\u2019OGC Nice Jean-Pierre Riv\u00e8re au sein de l\u2019Allianz Riviera Stadium \u00e0 Nice, le 21\u00a0d\u00e9cembre 2025.  \u00a9  VALERY HACHE\/AFP  <\/p>\n<p>\t\tL\u2019entourage de Christian Estrosi affirme que le retour de Jean-Pierre Riv\u00e8re en tant que pr\u00e9sident de l\u2019OGC Nice, annonc\u00e9 le 19\u00a0d\u00e9cembre, \u00e9tait en mesure de le frapper d\u2019in\u00e9ligibilit\u00e9. Le dirigeant du club azur\u00e9en est en effet engag\u00e9 aux c\u00f4t\u00e9s d\u2019\u00c9ric Ciotti, rival du maire sortant, pour les \u00e9lections municipales de mars.<\/p>\n<p><b>Cet article est r\u00e9serv\u00e9 aux abonn\u00e9s<\/b><\/p>\n<p>Pour un acc\u00e8s imm\u00e9diat, abonnez-vous<\/p>\n<p><b>1\u00e8re semaine offerte<\/b><\/p>\n<p>\t\t Juliette MARIE. \u00a0\u00a0<br \/>\n\t\tOuest-France<\/p>\n<p>\t\t&#13;<\/p>\n","protected":false},"excerpt":{"rendered":"Contenu r\u00e9serv\u00e9 aux abonn\u00e9s Vendredi 26 d\u00e9cembre 2025 17:18 &#8230; 1 Le pr\u00e9sident de l\u2019OGC Nice Jean-Pierre Riv\u00e8re&hellip;\n","protected":false},"author":2,"featured_media":624328,"comment_status":"","ping_status":"","sticky":false,"template":"","format":"standard","meta":{"footnotes":""},"categories":[2819],"tags":[1111,11,3809,1465,1777,674,63,1011,27,1792,1922,12,2401,882,25,6689,479,517,1470,9693],"class_list":{"0":"post-624327","1":"post","2":"type-post","3":"status-publish","4":"format-standard","5":"has-post-thumbnail","7":"category-nice","8":"tag-actu","9":"tag-actualites","10":"tag-ball","11":"tag-basket","12":"tag-eu","13":"tag-europe","14":"tag-football","15":"tag-fr","16":"tag-france","17":"tag-handball","18":"tag-info","19":"tag-news","20":"tag-nice","21":"tag-provence-alpes-cote-dazur","22":"tag-republique-francaise","23":"tag-roche","24":"tag-rugby","25":"tag-sport","26":"tag-volley","27":"tag-yon"},"share_on_mastodon":{"url":"https:\/\/pubeurope.com\/@fr\/115788912938853112","error":""},"_links":{"self":[{"href":"https:\/\/www.europesays.com\/fr\/wp-json\/wp\/v2\/posts\/624327","targetHints":{"allow":["GET"]}}],"collection":[{"href":"https:\/\/www.europesays.com\/fr\/wp-json\/wp\/v2\/posts"}],"about":[{"href":"https:\/\/www.europesays.com\/fr\/wp-json\/wp\/v2\/types\/post"}],"author":[{"embeddable":true,"href":"https:\/\/www.europesays.com\/fr\/wp-json\/wp\/v2\/users\/2"}],"replies":[{"embeddable":true,"href":"https:\/\/www.europesays.com\/fr\/wp-json\/wp\/v2\/comments?post=624327"}],"version-history":[{"count":0,"href":"https:\/\/www.europesays.com\/fr\/wp-json\/wp\/v2\/posts\/624327\/revisions"}],"wp:featuredmedia":[{"embeddable":true,"href":"https:\/\/www.europesays.com\/fr\/wp-json\/wp\/v2\/media\/624328"}],"wp:attachment":[{"href":"https:\/\/www.europesays.com\/fr\/wp-json\/wp\/v2\/media?parent=624327"}],"wp:term":[{"taxonomy":"category","embeddable":true,"href":"https:\/\/www.europesays.com\/fr\/wp-json\/wp\/v2\/categories?post=624327"},{"taxonomy":"post_tag","embeddable":true,"href":"https:\/\/www.europesays.com\/fr\/wp-json\/wp\/v2\/tags?post=624327"}],"curies":[{"name":"wp","href":"https:\/\/api.w.org\/{rel}","templated":true}]}}