{"id":624336,"date":"2025-12-27T01:28:15","date_gmt":"2025-12-27T01:28:15","guid":{"rendered":"https:\/\/www.europesays.com\/fr\/624336\/"},"modified":"2025-12-27T01:28:15","modified_gmt":"2025-12-27T01:28:15","slug":"previsions-du-samedi-27-decembre-2025-3","status":"publish","type":"post","link":"https:\/\/www.europesays.com\/fr\/624336\/","title":{"rendered":"pr\u00e9visions du samedi 27 d\u00e9cembre 2025"},"content":{"rendered":"<p>Le soleil sera dominant, la garantie d&rsquo;une magnifique journ\u00e9e \u00e0 Toulouse ! Les temp\u00e9ratures seront de 6\u00b0C au plus bas et de 13\u00b0C au plus haut. Une modeste brise de sud-est sera ressentie par les habitants. Les valeurs iront de 9 \u00e0 13\u00b0C sur l&rsquo;ensemble de l&rsquo;apr\u00e8s-midi. On pr\u00e9voit des \u00e9claircies pour cette soir\u00e9e. Il fera 7\u00b0C en moyenne. Un ciel limpide est pr\u00e9vu dans la nuit reliant samedi et dimanche.<\/p>\n<p>C&rsquo;est un soleil \u00e9clatant qui va se montrer demain sur Toulouse. Une diminution du mercure est \u00e0 craindre. Les temp\u00e9ratures s&rsquo;\u00e9chelonneront entre 3 et 11\u00b0C. Les Toulousains vont avoir froid le matin : les temp\u00e9ratures ne vont pas d\u00e9passer 9\u00b0C. Les valeurs seront de 6\u00b0C. Un vent d&rsquo;ouest soufflera un peu, avec 4 km\/h. Demain apr\u00e8s-midi, c&rsquo;est une hausse de quelques degr\u00e9s que vont enregistrer les temp\u00e9ratures. Les maximales atteindront les 11\u00b0C tandis que les minimales seront de 7\u00b0C. Le ciel va s&rsquo;\u00e9claircir dans la soir\u00e9e. Un vent d&rsquo;ouest rafra\u00eechira sensiblement l&rsquo;atmosph\u00e8re.<\/p>\n<p>Le temps des jours suivants va \u00e9voluer progressivement. Apr\u00e8s une m\u00e9t\u00e9o similaire lundi, la situation changera mardi.<\/p>\n<p><\/p>\n","protected":false},"excerpt":{"rendered":"Le soleil sera dominant, la garantie d&rsquo;une magnifique journ\u00e9e \u00e0 Toulouse ! Les temp\u00e9ratures seront de 6\u00b0C au&hellip;\n","protected":false},"author":2,"featured_media":624337,"comment_status":"","ping_status":"","sticky":false,"template":"","format":"standard","meta":{"footnotes":""},"categories":[2816],"tags":[1111,11,1777,674,1011,27,12,2680,2119,25,2312],"class_list":{"0":"post-624336","1":"post","2":"type-post","3":"status-publish","4":"format-standard","5":"has-post-thumbnail","7":"category-toulouse","8":"tag-actu","9":"tag-actualites","10":"tag-eu","11":"tag-europe","12":"tag-fr","13":"tag-france","14":"tag-news","15":"tag-occitanie","16":"tag-previsions-meteo","17":"tag-republique-francaise","18":"tag-toulouse"},"share_on_mastodon":{"url":"https:\/\/pubeurope.com\/@fr\/115788939491522194","error":""},"_links":{"self":[{"href":"https:\/\/www.europesays.com\/fr\/wp-json\/wp\/v2\/posts\/624336","targetHints":{"allow":["GET"]}}],"collection":[{"href":"https:\/\/www.europesays.com\/fr\/wp-json\/wp\/v2\/posts"}],"about":[{"href":"https:\/\/www.europesays.com\/fr\/wp-json\/wp\/v2\/types\/post"}],"author":[{"embeddable":true,"href":"https:\/\/www.europesays.com\/fr\/wp-json\/wp\/v2\/users\/2"}],"replies":[{"embeddable":true,"href":"https:\/\/www.europesays.com\/fr\/wp-json\/wp\/v2\/comments?post=624336"}],"version-history":[{"count":0,"href":"https:\/\/www.europesays.com\/fr\/wp-json\/wp\/v2\/posts\/624336\/revisions"}],"wp:featuredmedia":[{"embeddable":true,"href":"https:\/\/www.europesays.com\/fr\/wp-json\/wp\/v2\/media\/624337"}],"wp:attachment":[{"href":"https:\/\/www.europesays.com\/fr\/wp-json\/wp\/v2\/media?parent=624336"}],"wp:term":[{"taxonomy":"category","embeddable":true,"href":"https:\/\/www.europesays.com\/fr\/wp-json\/wp\/v2\/categories?post=624336"},{"taxonomy":"post_tag","embeddable":true,"href":"https:\/\/www.europesays.com\/fr\/wp-json\/wp\/v2\/tags?post=624336"}],"curies":[{"name":"wp","href":"https:\/\/api.w.org\/{rel}","templated":true}]}}