{"id":624338,"date":"2025-12-27T01:30:20","date_gmt":"2025-12-27T01:30:20","guid":{"rendered":"https:\/\/www.europesays.com\/fr\/624338\/"},"modified":"2025-12-27T01:30:20","modified_gmt":"2025-12-27T01:30:20","slug":"previsions-du-samedi-27-decembre-2025-4","status":"publish","type":"post","link":"https:\/\/www.europesays.com\/fr\/624338\/","title":{"rendered":"pr\u00e9visions du samedi 27 d\u00e9cembre 2025"},"content":{"rendered":"<p>La journ\u00e9e qui s&rsquo;annonce \u00e0 Lille, promet d&rsquo;\u00eatre superbe et ensoleill\u00e9e ! Il fera 2\u00b0C en moyenne. Un vent de nord-est soufflera l\u00e9g\u00e8rement. Les Lillois vont avoir froid le matin : les temp\u00e9ratures ne vont pas d\u00e9passer 4\u00b0C. Les valeurs afficheront entre 0 et 4\u00b0C, un temps r\u00e9solument de saison. Les Lillois vont avoir froid l&rsquo;apr\u00e8s-midi : les temp\u00e9ratures ne vont pas d\u00e9passer 5\u00b0C. L&rsquo;hiver s&rsquo;est d\u00e9finitivement install\u00e9 puisque les temp\u00e9ratures iront de 2 \u00e0 5\u00b0C. Un temps assez brumeux le soir, avec l&rsquo;apparition de brouillard. L&rsquo;hiver se fait sentir : les valeurs s&rsquo;\u00e9chelonneront entre 2 et 3\u00b0C. Durant la nuit de samedi \u00e0 dimanche, le ciel sera limpide.<\/p>\n<p>Demain, c&rsquo;est une hausse de quelques degr\u00e9s que vont enregistrer les temp\u00e9ratures dans la ville de Lille. Il va faire environ 3\u00b0C. Une petite brise de nord-est sera ressentie par les habitants. La grisaille ne se disperse toujours pas, il va y avoir encore de petits nuages le matin. Le thermom\u00e8tre affichera 4\u00b0C en moyenne. Le soleil sera dominant, la promesse d&rsquo;un bel apr\u00e8s-midi ! Il va faire froid avec des temp\u00e9ratures qui seront comprises entre 2 et 5\u00b0C. Apr\u00e8s un petit passage nuageux, on pr\u00e9voit une embellie pour cette soir\u00e9e. On anticipe des valeurs d&rsquo;environ 1\u00b0C.<\/p>\n<p>Apr\u00e8s une journ\u00e9e nuageuse lundi, on pr\u00e9voit une d\u00e9gradation mardi.<\/p>\n<p><\/p>\n","protected":false},"excerpt":{"rendered":"La journ\u00e9e qui s&rsquo;annonce \u00e0 Lille, promet d&rsquo;\u00eatre superbe et ensoleill\u00e9e ! Il fera 2\u00b0C en moyenne. Un&hellip;\n","protected":false},"author":2,"featured_media":624339,"comment_status":"","ping_status":"","sticky":false,"template":"","format":"standard","meta":{"footnotes":""},"categories":[2815],"tags":[1111,11,1777,674,1011,27,811,1307,12,2119,25],"class_list":{"0":"post-624338","1":"post","2":"type-post","3":"status-publish","4":"format-standard","5":"has-post-thumbnail","7":"category-lille","8":"tag-actu","9":"tag-actualites","10":"tag-eu","11":"tag-europe","12":"tag-fr","13":"tag-france","14":"tag-hauts-de-france","15":"tag-lille","16":"tag-news","17":"tag-previsions-meteo","18":"tag-republique-francaise"},"share_on_mastodon":{"url":"https:\/\/pubeurope.com\/@fr\/115788947319944974","error":""},"_links":{"self":[{"href":"https:\/\/www.europesays.com\/fr\/wp-json\/wp\/v2\/posts\/624338","targetHints":{"allow":["GET"]}}],"collection":[{"href":"https:\/\/www.europesays.com\/fr\/wp-json\/wp\/v2\/posts"}],"about":[{"href":"https:\/\/www.europesays.com\/fr\/wp-json\/wp\/v2\/types\/post"}],"author":[{"embeddable":true,"href":"https:\/\/www.europesays.com\/fr\/wp-json\/wp\/v2\/users\/2"}],"replies":[{"embeddable":true,"href":"https:\/\/www.europesays.com\/fr\/wp-json\/wp\/v2\/comments?post=624338"}],"version-history":[{"count":0,"href":"https:\/\/www.europesays.com\/fr\/wp-json\/wp\/v2\/posts\/624338\/revisions"}],"wp:featuredmedia":[{"embeddable":true,"href":"https:\/\/www.europesays.com\/fr\/wp-json\/wp\/v2\/media\/624339"}],"wp:attachment":[{"href":"https:\/\/www.europesays.com\/fr\/wp-json\/wp\/v2\/media?parent=624338"}],"wp:term":[{"taxonomy":"category","embeddable":true,"href":"https:\/\/www.europesays.com\/fr\/wp-json\/wp\/v2\/categories?post=624338"},{"taxonomy":"post_tag","embeddable":true,"href":"https:\/\/www.europesays.com\/fr\/wp-json\/wp\/v2\/tags?post=624338"}],"curies":[{"name":"wp","href":"https:\/\/api.w.org\/{rel}","templated":true}]}}