{"id":624340,"date":"2025-12-27T01:33:17","date_gmt":"2025-12-27T01:33:17","guid":{"rendered":"https:\/\/www.europesays.com\/fr\/624340\/"},"modified":"2025-12-27T01:33:17","modified_gmt":"2025-12-27T01:33:17","slug":"previsions-du-samedi-27-decembre-2025-5","status":"publish","type":"post","link":"https:\/\/www.europesays.com\/fr\/624340\/","title":{"rendered":"pr\u00e9visions du samedi 27 d\u00e9cembre 2025"},"content":{"rendered":"<p>Un splendide soleil va briller sur Marseille et ce, tout au long de la journ\u00e9e. Les temp\u00e9ratures afficheront entre 9 et 14\u00b0C. Le matin, le mercure affichera 10\u00b0C en moyenne. Un vent de nord-est soufflera l\u00e9g\u00e8rement, avec 8 km\/h. Les maximales pourront atteindre 14\u00b0C dans l&rsquo;apr\u00e8s-midi tandis que les minimales seront de 12\u00b0C. Le temps devrait s&rsquo;am\u00e9liorer pendant la soir\u00e9e. Les valeurs tourneront autour des 12\u00b0C. Une nuit claire vous attendra entre samedi et dimanche.<\/p>\n<p>C&rsquo;est un soleil \u00e9clatant qui va se montrer demain sur Marseille. Le mercure va baisser de quelques degr\u00e9s. Il fera environ 11\u00b0C. Dans la matin\u00e9e, les temp\u00e9ratures tourneront autour des 10\u00b0C. Une modeste brise de nord sera ressentie par les habitants. Les temp\u00e9ratures seront comprises entre 11 et 13\u00b0C durant l&rsquo;apr\u00e8s-midi. On annonce une embellie pour cette soir\u00e9e. On pr\u00e9voit des valeurs avoisinant 11\u00b0C. Un l\u00e9ger vent d&rsquo;est soufflera.<\/p>\n<p>Peu de changements pour la suite. Des temp\u00e9ratures dans les 8\u00b0C accompagneront un ciel ensoleill\u00e9.<\/p>\n<p><\/p>\n","protected":false},"excerpt":{"rendered":"Un splendide soleil va briller sur Marseille et ce, tout au long de la journ\u00e9e. Les temp\u00e9ratures afficheront&hellip;\n","protected":false},"author":2,"featured_media":624341,"comment_status":"","ping_status":"","sticky":false,"template":"","format":"standard","meta":{"footnotes":""},"categories":[2814],"tags":[1111,11,1777,674,1011,27,884,12,2119,882,25],"class_list":{"0":"post-624340","1":"post","2":"type-post","3":"status-publish","4":"format-standard","5":"has-post-thumbnail","7":"category-marseille","8":"tag-actu","9":"tag-actualites","10":"tag-eu","11":"tag-europe","12":"tag-fr","13":"tag-france","14":"tag-marseille","15":"tag-news","16":"tag-previsions-meteo","17":"tag-provence-alpes-cote-dazur","18":"tag-republique-francaise"},"share_on_mastodon":{"url":"https:\/\/pubeurope.com\/@fr\/115788959205303394","error":""},"_links":{"self":[{"href":"https:\/\/www.europesays.com\/fr\/wp-json\/wp\/v2\/posts\/624340","targetHints":{"allow":["GET"]}}],"collection":[{"href":"https:\/\/www.europesays.com\/fr\/wp-json\/wp\/v2\/posts"}],"about":[{"href":"https:\/\/www.europesays.com\/fr\/wp-json\/wp\/v2\/types\/post"}],"author":[{"embeddable":true,"href":"https:\/\/www.europesays.com\/fr\/wp-json\/wp\/v2\/users\/2"}],"replies":[{"embeddable":true,"href":"https:\/\/www.europesays.com\/fr\/wp-json\/wp\/v2\/comments?post=624340"}],"version-history":[{"count":0,"href":"https:\/\/www.europesays.com\/fr\/wp-json\/wp\/v2\/posts\/624340\/revisions"}],"wp:featuredmedia":[{"embeddable":true,"href":"https:\/\/www.europesays.com\/fr\/wp-json\/wp\/v2\/media\/624341"}],"wp:attachment":[{"href":"https:\/\/www.europesays.com\/fr\/wp-json\/wp\/v2\/media?parent=624340"}],"wp:term":[{"taxonomy":"category","embeddable":true,"href":"https:\/\/www.europesays.com\/fr\/wp-json\/wp\/v2\/categories?post=624340"},{"taxonomy":"post_tag","embeddable":true,"href":"https:\/\/www.europesays.com\/fr\/wp-json\/wp\/v2\/tags?post=624340"}],"curies":[{"name":"wp","href":"https:\/\/api.w.org\/{rel}","templated":true}]}}