{"id":624342,"date":"2025-12-27T01:34:19","date_gmt":"2025-12-27T01:34:19","guid":{"rendered":"https:\/\/www.europesays.com\/fr\/624342\/"},"modified":"2025-12-27T01:34:19","modified_gmt":"2025-12-27T01:34:19","slug":"en-suspens-la-renovation-du-musee-des-tissus-echauffe-les-esprits","status":"publish","type":"post","link":"https:\/\/www.europesays.com\/fr\/624342\/","title":{"rendered":"en suspens, la r\u00e9novation du mus\u00e9e des Tissus \u00e9chauffe les esprits"},"content":{"rendered":"<p>\u00ab\u00a0Les travaux de d\u00e9construction du mus\u00e9e des Tissus devaient (enfin) d\u00e9buter en octobre. Rien ne s\u2019est pass\u00e9 et bien s\u00fbr, personne ne s\u2019est donn\u00e9 la peine de nous avertir. Pas un mot, un mail, rien du tout. Vous trouvez \u00e7a normal vous\u00a0?\u00a0\u00bb. Isabelle Belval est pr\u00e9sidente\u00a0de l\u2019association de pr\u00e9servation du quartier du mus\u00e9e des Tissus, constitu\u00e9e des riverains du quartier Charit\u00e9, dans le 2e  arrondissement de Lyon. \u00ab\u00a0\u00c0 un moment donn\u00e9, il faudra choisir\u00a0: soit on attaque, soit on laisse tomber. Le silence de la R\u00e9gion est vraiment un manque de consid\u00e9ration \u00e0 notre \u00e9gard\u00a0\u00bb, poursuit-elle remont\u00e9e.<\/p>\n<p>Depuis la fermeture du mus\u00e9e des Tissus, en avril\u00a02021, pour r\u00e9novation \u00e0 venir (lire par ailleurs), <a href=\"https:\/\/www.leprogres.fr\/culture-loisirs\/2022\/10\/19\/musee-des-tissus-ils-prennent-a-partie-le-maire-du-2e-en-fin-de-conseil\" target=\"_blank\" rel=\"noopener\">Isabelle Belval, comme d\u2019autres,<\/a> est suspendue aux d\u00e9cisions r\u00e9gionales qui, d\u00e9cid\u00e9ment, se font sacr\u00e9ment attendre.<\/p>\n<p>\u00ab\u00a0La R\u00e9gion travaille toujours sur ce projet d\u2019envergure\u00a0\u00bb<\/p>\n<p>En octobre dernier, Le Progr\u00e8s en prenait encore des nouvelles. A date, les services municipaux nous confirmaient&#8230;<\/p>\n","protected":false},"excerpt":{"rendered":"\u00ab\u00a0Les travaux de d\u00e9construction du mus\u00e9e des Tissus devaient (enfin) d\u00e9buter en octobre. Rien ne s\u2019est pass\u00e9 et&hellip;\n","protected":false},"author":2,"featured_media":624343,"comment_status":"","ping_status":"","sticky":false,"template":"","format":"standard","meta":{"footnotes":""},"categories":[1889],"tags":[1111,11,2430,4749,1687,33,2757,1777,674,107,1011,27,2428,2756,12,2661,25,2429],"class_list":{"0":"post-624342","1":"post","2":"type-post","3":"status-publish","4":"format-standard","5":"has-post-thumbnail","7":"category-lyon","8":"tag-actu","9":"tag-actualites","10":"tag-auvergne-rhone-alpes","11":"tag-btp-et-chantiers","12":"tag-culture-loisirs","13":"tag-economie","14":"tag-edition-lyon-villeurbanne","15":"tag-eu","16":"tag-europe","17":"tag-fil-info","18":"tag-fr","19":"tag-france","20":"tag-lyon","21":"tag-lyon-bassin","22":"tag-news","23":"tag-patrimoine-culturel","24":"tag-republique-francaise","25":"tag-rhone"},"share_on_mastodon":{"url":"https:\/\/pubeurope.com\/@fr\/115788963089148378","error":""},"_links":{"self":[{"href":"https:\/\/www.europesays.com\/fr\/wp-json\/wp\/v2\/posts\/624342","targetHints":{"allow":["GET"]}}],"collection":[{"href":"https:\/\/www.europesays.com\/fr\/wp-json\/wp\/v2\/posts"}],"about":[{"href":"https:\/\/www.europesays.com\/fr\/wp-json\/wp\/v2\/types\/post"}],"author":[{"embeddable":true,"href":"https:\/\/www.europesays.com\/fr\/wp-json\/wp\/v2\/users\/2"}],"replies":[{"embeddable":true,"href":"https:\/\/www.europesays.com\/fr\/wp-json\/wp\/v2\/comments?post=624342"}],"version-history":[{"count":0,"href":"https:\/\/www.europesays.com\/fr\/wp-json\/wp\/v2\/posts\/624342\/revisions"}],"wp:featuredmedia":[{"embeddable":true,"href":"https:\/\/www.europesays.com\/fr\/wp-json\/wp\/v2\/media\/624343"}],"wp:attachment":[{"href":"https:\/\/www.europesays.com\/fr\/wp-json\/wp\/v2\/media?parent=624342"}],"wp:term":[{"taxonomy":"category","embeddable":true,"href":"https:\/\/www.europesays.com\/fr\/wp-json\/wp\/v2\/categories?post=624342"},{"taxonomy":"post_tag","embeddable":true,"href":"https:\/\/www.europesays.com\/fr\/wp-json\/wp\/v2\/tags?post=624342"}],"curies":[{"name":"wp","href":"https:\/\/api.w.org\/{rel}","templated":true}]}}