{"id":624346,"date":"2025-12-27T01:37:17","date_gmt":"2025-12-27T01:37:17","guid":{"rendered":"https:\/\/www.europesays.com\/fr\/624346\/"},"modified":"2025-12-27T01:37:17","modified_gmt":"2025-12-27T01:37:17","slug":"rassemblement-u16g-21-12-ligue-de-paris-ile-de-france","status":"publish","type":"post","link":"https:\/\/www.europesays.com\/fr\/624346\/","title":{"rendered":"RASSEMBLEMENT U16G 21\/12 \u2013 LIGUE DE PARIS ILE-DE-FRANCE"},"content":{"rendered":"<p style=\"text-align: justify;\">Un rassemblement r\u00e9gional U16G avait lieu ce dimanche 21 d\u00e9cembre au Campus Domaine de Morfond\u00e9. Il marquait le d\u00e9but du parcours PPF pour la cat\u00e9gorie U16 avec un premier rendez-vous regroupant les joueurs n\u00e9s en 2010 qui \u00e9voluent dans des clubs franciliens de U17 National. Retour sur cet apr\u00e8s-midi.<\/p>\n<p style=\"text-align: justify;\">En parall\u00e8le du <a href=\"https:\/\/paris-idf.fff.fr\/diaporama\/rassemblement-u15g-21-12\/\" target=\"_blank\" rel=\"noopener\">rassemblement U15G<\/a>, le d\u00e9but du parcours PPF U16G s\u2019est d\u00e9roul\u00e9 ce dimanche 21 d\u00e9cembre \u00e0 Morfond\u00e9. Ce premier rendez-vous du groupe r\u00e9gional U16G avait pour particularit\u00e9 de regrouper les joueurs \u00e9voluant dans les clubs franciliens du championnat U17 National, ainsi que les deux joueurs pr\u00e9sents en s\u00e9lection U15G la saison derni\u00e8re, qui ne sont pas partis en centre de formation.<\/p>\n<p style=\"text-align: justify;\">Trois \u00e9quipes ont \u00e9t\u00e9 constitu\u00e9es et ont particip\u00e9 \u00e0 des oppositions. Un rassemblement qui a permis \u00e0 l\u2019\u00e9quipe technique r\u00e9gionale de r\u00e9aliser un \u00e9talonnage sur le niveau de la future s\u00e9lection U16G Paris IDF. \u00c0 partir du 7 janvier 2026, les joueurs pr\u00e9sents ce dimanche d\u00e9buteront le parcours PPF dans leur district. S\u2019ils sont retenus au sein de leur s\u00e9lection d\u00e9partementale, ils pourront participer aux Interdistricts U16G de mars. Un groupe r\u00e9gional U16G sera ensuite constitu\u00e9 pour effectuer trois rencontres sur la fin de saison.<\/p>\n<p style=\"text-align: justify;\"><strong>Julien Gout<\/strong>, DTR de la LPIFF : \u00ab\u00a0Ce premier rassemblement avait pour but de faire une revue d\u2019effectif des joueurs U16 \u00e9voluant dans les clubs franciliens de U17 National. Puis, cela nous a permis d\u2019\u00e9talonner le niveau de notre future s\u00e9lection r\u00e9gionale U16G. Un rassemblement qui s\u2019est pass\u00e9 de mani\u00e8re tr\u00e8s positive avec trois \u00e9quipes qui se sont affront\u00e9es sur des oppositions. Les matchs \u00e9taient anim\u00e9s par des cadres techniques sous la houlette de l\u2019\u00e9quipe technique r\u00e9gionale. Les joueurs ont montr\u00e9 un niveau de d\u00e9termination et d\u2019application tr\u00e8s positifs \u00e0 ce moment de la saison. Cela nous donne beaucoup d\u2019espoir pour la suite du parcours, avec les s\u00e9lections d\u00e9partementales, les Interdistricts U16G, et la future s\u00e9lection r\u00e9gionale.\u00a0\u00bb<\/p>\n<p style=\"text-align: justify;\">\u00ab\u00a0Pour constituer ce groupe de dimanche dernier, nous avons \u00e9videmment travaill\u00e9 en collaboration avec les responsables techniques des clubs concern\u00e9s\u00a0\u00bb, pr\u00e9cise <strong>Julien Gout<\/strong>. \u00ab\u00a0On f\u00e9licite les clubs franciliens pour le travail effectu\u00e9. Ce rassemblement r\u00e9gional U16G en est une tr\u00e8s belle vitrine. On s\u2019aper\u00e7oit de la qualit\u00e9 et de l\u2019\u00e9paisseur de notre vivier, alors m\u00eame qu\u2019une grande majorit\u00e9 des joueurs en s\u00e9lection U15G l\u2019ann\u00e9e derni\u00e8re ont quitt\u00e9 l\u2019\u00cele-de-France pour nourrir l\u2019ensemble des centres de formation fran\u00e7ais. Le vivier reste \u00e9pais \u00e0 l\u2019image des performances de nos clubs franciliens en championnat U17 National.\u00a0\u00bb<\/p>\n<p>Merci \u00e0 tous les joueurs pr\u00e9sents ce dimanche ainsi qu\u2019aux clubs franciliens pour leur collaboration avec l\u2019\u00e9quipe technique r\u00e9gionale !<\/p>\n<p>Par<br \/>\n                     Mathieu<br \/>\n                     DEVILLE CAVELLIN\n                <\/p>\n","protected":false},"excerpt":{"rendered":"Un rassemblement r\u00e9gional U16G avait lieu ce dimanche 21 d\u00e9cembre au Campus Domaine de Morfond\u00e9. Il marquait le&hellip;\n","protected":false},"author":2,"featured_media":624347,"comment_status":"","ping_status":"","sticky":false,"template":"","format":"standard","meta":{"footnotes":""},"categories":[1592],"tags":[1111,11,1777,674,1011,27,662,12,626,25],"class_list":{"0":"post-624346","1":"post","2":"type-post","3":"status-publish","4":"format-standard","5":"has-post-thumbnail","7":"category-ile-de-france","8":"tag-actu","9":"tag-actualites","10":"tag-eu","11":"tag-europe","12":"tag-fr","13":"tag-france","14":"tag-ile-de-france","15":"tag-news","16":"tag-paris","17":"tag-republique-francaise"},"share_on_mastodon":{"url":"https:\/\/pubeurope.com\/@fr\/115788975087305937","error":""},"_links":{"self":[{"href":"https:\/\/www.europesays.com\/fr\/wp-json\/wp\/v2\/posts\/624346","targetHints":{"allow":["GET"]}}],"collection":[{"href":"https:\/\/www.europesays.com\/fr\/wp-json\/wp\/v2\/posts"}],"about":[{"href":"https:\/\/www.europesays.com\/fr\/wp-json\/wp\/v2\/types\/post"}],"author":[{"embeddable":true,"href":"https:\/\/www.europesays.com\/fr\/wp-json\/wp\/v2\/users\/2"}],"replies":[{"embeddable":true,"href":"https:\/\/www.europesays.com\/fr\/wp-json\/wp\/v2\/comments?post=624346"}],"version-history":[{"count":0,"href":"https:\/\/www.europesays.com\/fr\/wp-json\/wp\/v2\/posts\/624346\/revisions"}],"wp:featuredmedia":[{"embeddable":true,"href":"https:\/\/www.europesays.com\/fr\/wp-json\/wp\/v2\/media\/624347"}],"wp:attachment":[{"href":"https:\/\/www.europesays.com\/fr\/wp-json\/wp\/v2\/media?parent=624346"}],"wp:term":[{"taxonomy":"category","embeddable":true,"href":"https:\/\/www.europesays.com\/fr\/wp-json\/wp\/v2\/categories?post=624346"},{"taxonomy":"post_tag","embeddable":true,"href":"https:\/\/www.europesays.com\/fr\/wp-json\/wp\/v2\/tags?post=624346"}],"curies":[{"name":"wp","href":"https:\/\/api.w.org\/{rel}","templated":true}]}}