{"id":624350,"date":"2025-12-27T01:39:15","date_gmt":"2025-12-27T01:39:15","guid":{"rendered":"https:\/\/www.europesays.com\/fr\/624350\/"},"modified":"2025-12-27T01:39:15","modified_gmt":"2025-12-27T01:39:15","slug":"previsions-du-samedi-27-decembre-2025-7","status":"publish","type":"post","link":"https:\/\/www.europesays.com\/fr\/624350\/","title":{"rendered":"pr\u00e9visions du samedi 27 d\u00e9cembre 2025"},"content":{"rendered":"<p>Cette journ\u00e9e sera synonyme de beau soleil pour Paris. On anticipe des valeurs d&rsquo;environ 3\u00b0C. Un petit vent de nord-est soufflera. Les Parisiens vont avoir froid le matin : les temp\u00e9ratures ne vont pas d\u00e9passer 3\u00b0C. L&rsquo;hiver sera bien au rendez-vous puisque les temp\u00e9ratures seront quand m\u00eame de 0\u00b0C au minimum et de 3\u00b0C au plus haut. Les Parisiens vont avoir froid l&rsquo;apr\u00e8s-midi : les temp\u00e9ratures ne vont pas d\u00e9passer 6\u00b0C. Les valeurs seront comprises entre 3\u00b0C et 6\u00b0C, rappelant l&rsquo;hiver au bon souvenir des habitants. Le soir, le vent va peu \u00e0 peu \u00e9loigner la grisaille. Les temp\u00e9ratures seront de 2\u00b0C. Entre samedi et dimanche, la nuit sera claire.<\/p>\n<p>Les Parisiens vont avoir froid demain : les temp\u00e9ratures ne vont pas d\u00e9passer 5\u00b0C. Il fera en moyenne 3\u00b0C \u00e0 Paris. Une modeste brise de nord-est sera ressentie par les habitants. La m\u00e9t\u00e9o va progressivement s&rsquo;am\u00e9liorer dans la matin\u00e9e et laisser place \u00e0 des \u00e9claircies. Les temp\u00e9ratures tourneront autour des 2\u00b0C. Demain apr\u00e8s-midi, les Parisiens vont pouvoir b\u00e9n\u00e9ficier d&rsquo;un soleil radieux. Les valeurs afficheront entre 4 et 5\u00b0C, un temps vraiment de saison. Des \u00e9claircies feront leur apparition dans la soir\u00e9e. Il va faire 3\u00b0C en moyenne.<\/p>\n<p>Les conditions m\u00e9t\u00e9orologiques des jours suivants vont changer peu \u00e0 peu. Apr\u00e8s une m\u00e9t\u00e9o stable lundi, la situation changera mardi.<\/p>\n<p><\/p>\n","protected":false},"excerpt":{"rendered":"Cette journ\u00e9e sera synonyme de beau soleil pour Paris. On anticipe des valeurs d&rsquo;environ 3\u00b0C. Un petit vent&hellip;\n","protected":false},"author":2,"featured_media":624351,"comment_status":"","ping_status":"","sticky":false,"template":"","format":"standard","meta":{"footnotes":""},"categories":[1888],"tags":[1111,1928,11,1927,1777,674,1011,27,12,1926,626,1925,2119,25],"class_list":{"0":"post-624350","1":"post","2":"type-post","3":"status-publish","4":"format-standard","5":"has-post-thumbnail","7":"category-paris","8":"tag-actu","9":"tag-actu-paris","10":"tag-actualites","11":"tag-actualites-paris","12":"tag-eu","13":"tag-europe","14":"tag-fr","15":"tag-france","16":"tag-news","17":"tag-news-paris","18":"tag-paris","19":"tag-paris-news","20":"tag-previsions-meteo","21":"tag-republique-francaise"},"share_on_mastodon":{"url":"https:\/\/pubeurope.com\/@fr\/115788982809085217","error":""},"_links":{"self":[{"href":"https:\/\/www.europesays.com\/fr\/wp-json\/wp\/v2\/posts\/624350","targetHints":{"allow":["GET"]}}],"collection":[{"href":"https:\/\/www.europesays.com\/fr\/wp-json\/wp\/v2\/posts"}],"about":[{"href":"https:\/\/www.europesays.com\/fr\/wp-json\/wp\/v2\/types\/post"}],"author":[{"embeddable":true,"href":"https:\/\/www.europesays.com\/fr\/wp-json\/wp\/v2\/users\/2"}],"replies":[{"embeddable":true,"href":"https:\/\/www.europesays.com\/fr\/wp-json\/wp\/v2\/comments?post=624350"}],"version-history":[{"count":0,"href":"https:\/\/www.europesays.com\/fr\/wp-json\/wp\/v2\/posts\/624350\/revisions"}],"wp:featuredmedia":[{"embeddable":true,"href":"https:\/\/www.europesays.com\/fr\/wp-json\/wp\/v2\/media\/624351"}],"wp:attachment":[{"href":"https:\/\/www.europesays.com\/fr\/wp-json\/wp\/v2\/media?parent=624350"}],"wp:term":[{"taxonomy":"category","embeddable":true,"href":"https:\/\/www.europesays.com\/fr\/wp-json\/wp\/v2\/categories?post=624350"},{"taxonomy":"post_tag","embeddable":true,"href":"https:\/\/www.europesays.com\/fr\/wp-json\/wp\/v2\/tags?post=624350"}],"curies":[{"name":"wp","href":"https:\/\/api.w.org\/{rel}","templated":true}]}}