{"id":624357,"date":"2025-12-27T01:43:18","date_gmt":"2025-12-27T01:43:18","guid":{"rendered":"https:\/\/www.europesays.com\/fr\/624357\/"},"modified":"2025-12-27T01:43:18","modified_gmt":"2025-12-27T01:43:18","slug":"ukraine-volodymyr-zelensky-un-president-sous-pression-pour-conclure-la-paix-europeen-de-la-semaine","status":"publish","type":"post","link":"https:\/\/www.europesays.com\/fr\/624357\/","title":{"rendered":"Ukraine: Volodymyr Zelensky, un pr\u00e9sident sous pression pour conclure la paix &#8211; Europ\u00e9en de la semaine"},"content":{"rendered":"<p>\n                                                Le pr\u00e9sident ukrainien Volodymyr Zelensky se dit optimiste sur les chances de faire avancer les discussions visant \u00e0 mettre fin \u00e0 la guerre entre la Russie et l\u2019Ukraine et annonce une rencontre avec Donald Trump dimanche 28 d\u00e9cembre en Floride.\u00a0Les questions sensibles, telles que le sort du Donbass, devraient \u00eatre abord\u00e9es. Sous pression de l\u2019administration am\u00e9ricaine pour conclure un plan de paix, Volodymyr Zelensky a connu une fin d\u2019ann\u00e9e d\u00e9licate. Il parvient malgr\u00e9 tout \u00e0 conserver la confiance des Ukrainiens.\u00a0                    <\/p>\n<p>Donald Trump voulait un accord avant No\u00ebl. Son v\u0153u n\u2019a pas \u00e9t\u00e9 exauc\u00e9. \u00ab Beaucoup de choses peuvent \u00eatre d\u00e9cid\u00e9es avant le Nouvel an \u00bb, veut croire <a target=\"_self\" href=\"https:\/\/www.rfi.fr\/fr\/tag\/volodymyr-zelensky\/\" rel=\"noopener\"><strong>Volodymyr Zelensky<\/strong><\/a>, au lendemain de discussions avec les envoy\u00e9s de la Maison Blanche. En d\u00e9pit de cet optimisme affich\u00e9, le pr\u00e9sident ukrainien est soumis \u00e0 forte pression, d\u2019autant que les positions russes restent, pour l\u2019heure, inflexibles.<\/p>\n<p>Mardi, Volodymyr Zelensky a d\u00e9taill\u00e9 devant la presse <strong><a target=\"_self\" href=\"https:\/\/www.rfi.fr\/fr\/europe\/20251224-gel-du-front-\u00e9lections-otan-ce-que-contient-la-derni\u00e8re-version-du-plan-am\u00e9ricain-pour-la-paix-en-ukraine\" rel=\"noopener\">le plan de paix r\u00e9vis\u00e9 en 20 points<\/a><\/strong>, le pr\u00e9sentant comme la meilleure tentative de l\u2019Ukraine de mettre fin \u00e0 la guerre. Le document aborde un large \u00e9ventail de questions, allant des \u00e9ventuels arrangements territoriaux aux garanties de s\u00e9curit\u00e9 que Kiev souhaite obtenir pour pr\u00e9venir toute future agression russe, en passant par les plans de reconstruction du pays ravag\u00e9 par la guerre.<\/p>\n<p>Selon Volodymyr Zelensky, les diverses sections du plan \u00ab refl\u00e8tent en grande partie la position commune ukraino-am\u00e9ricaine \u00bb. Reste quelques points de blocage, \u00e0 commencer par la question \u00e9pineuse de l\u2019avenir du Donbass. La <a target=\"_self\" href=\"https:\/\/www.rfi.fr\/fr\/tag\/russie\/\" rel=\"noopener\"><strong>Russie<\/strong><\/a> exige que les forces ukrainiennes se retirent des territoires de la r\u00e9gion de Donetsk qu\u2019elles contr\u00f4lent encore. Le pr\u00e9sident ukrainien ne peut accepter cette demande.<\/p>\n<p class=\"a-read-more\">\u00c0 \u00e9couter et \u00e0 lire aussi<a target=\"_self\" href=\"https:\/\/www.rfi.fr\/fr\/emission\/20191208-volodymyr-zelensky-president-ukrainien\" class=\"a-read-more__link\" rel=\"noopener\">Volodymyr Zelensky, pr\u00e9sident ukrainien<\/a><\/p>\n<p>S\u2019il c\u00e8de, \u00ab\u00a0il n&rsquo;aura plus d&rsquo;avenir politique\u00a0\u00bb, tranche le politologue Volodymyr Fessenko du centre Penta \u00e0 Kiev. \u00ab\u00a0En <a target=\"_self\" href=\"https:\/\/www.rfi.fr\/fr\/tag\/ukraine\/\" rel=\"noopener\"><strong>Ukraine<\/strong><\/a>, le sentiment qui domine est qu\u2019il est impossible d&rsquo;accepter de reconnaitre juridiquement les territoires occup\u00e9s comme \u00e9tant russes. Si, en cas de cessez-le-feu le long de la ligne de front, une partie du territoire ukrainien restait sous contr\u00f4le russe, la plupart des Ukrainiens pourraient accepter ce sc\u00e9nario mais \u00e0 condition que ces territoires ne soient pas reconnus juridiquement comme \u00e9tant russes.\u00a0\u00bb<\/p>\n<p>Militairement, l&rsquo;Ukraine ne peut pas se permettre de c\u00e9der des zones fortement fortifi\u00e9es de Donetsk, note pour sa part la chercheuse ukrainienne Olena Prokopenko, du centre de r\u00e9flexion German Marshall Fund. \u00ab\u00a0C\u00e9der des territoires fortifi\u00e9s sans combat offrirait \u00e0 la Russie une base id\u00e9ale pour intensifier son invasion. Si l\u2019Ukraine acceptait ces concessions, notre position sur la ligne de front serait gravement affaiblie. Les abandonner sans combat, donner \u00e0 la Russie des territoires qu\u2019elle n\u2019a pas r\u00e9ussi \u00e0 conqu\u00e9rir en onze ans depuis l\u2019invasion du Donbass, constituerait une d\u00e9cision militairement d\u00e9sastreuse\u00a0\u00bb, explique-t-elle.\u00a0<\/p>\n<p>Le sc\u00e9nario dans lequel Volodymyr Zelensky se verrait contraint de c\u00e9der tout le Donbass \u00e0 la Russie \u00ab\u00a0ne pourrait se produire qu\u2019en cas de situation catastrophique sur le front ou dans le secteur \u00e9nerg\u00e9tique, qui ne lui laisserait pas d\u2019autre choix\u00a0\u00bb, avance Volodymyr Fessenko.<\/p>\n<p> Concessions territoriales\u00a0 <\/p>\n<p>Quoi qu\u2019il en soit, le pr\u00e9sident ukrainien n\u2019en sortirait pas indemne. Seule concession \u00e0 laquelle Volodymyr Zelensky se dit pr\u00eat\u00a0: l\u2019Ukraine pourrait retirer ses troupes des zones de l&rsquo;ouest de la r\u00e9gion de Donetsk encore sous son contr\u00f4le, pour les transformer en une zone d\u00e9militaris\u00e9e dans le cadre d&rsquo;un \u00e9ventuel accord de paix avec Moscou, \u00e0 condition que la Russie retire ses forces d\u2019une zone \u00e9quivalente. En tout \u00e9tat de cause, Volodymyr Zelensky estime que la cr\u00e9ation d&rsquo;une zone d\u00e9militaris\u00e9e doit \u00eatre approuv\u00e9e par le biais d&rsquo;un r\u00e9f\u00e9rendum.<\/p>\n<p>Parall\u00e8lement aux discussions autour du plan de paix, le pr\u00e9sident ukrainien a d\u00fb affronter une temp\u00eate int\u00e9rieure ces derniers mois. L\u2019affaire Midas, vaste affaire de corruption qui touche le secteur \u00e9nerg\u00e9tique ukrainien, a pouss\u00e9 les ministres de la Justice Herman Halouchtchenko et la ministre de l&rsquo;\u00c9nergie, Svitlana Hryntchouk \u00e0 d\u00e9missionner le mois dernier. Volodymyr Zelensky a ensuite d\u00fb se d\u00e9faire de son plus proche conseiller, Andriy Iermak.<\/p>\n<p>En \u00e9cartant le chef de l\u2019administration pr\u00e9sidentielle, qu\u2019il n\u2019a pas encore remplac\u00e9, tout en maintenant une ligne relativement ferme dans les pourparlers de paix, sa c\u00f4te de popularit\u00e9 est remont\u00e9e. Selon une enqu\u00eate r\u00e9cente men\u00e9e par l\u2019Institut international de sociologie de Kyiv (KIIS), 61% des Ukrainiens lui font confiance. \u00ab\u00a0Aussi \u00e9trange que cela puisse para\u00eetre, la confrontation autour du plan de paix de Donald Trump a une fois de plus aid\u00e9\u00a0\u00bb, affirme Volodymyr Fessenko.<\/p>\n<p><img decoding=\"async\" fetchpriority=\"low\" src=\"https:\/\/www.europesays.com\/fr\/wp-content\/uploads\/2025\/12\/Trump-Zelensky.jpg\"   alt=\"Le pr\u00e9sident ukrainien Volodymyr Zelensky (\u00e0 gauche) est assis avant une r\u00e9union avec le pr\u00e9sident Donald Trump (\u00e0 droite), le vice-pr\u00e9sident J.D. Vance et le secr\u00e9taire au Tr\u00e9sor Scott Bessent dans la salle du Cabinet de la Maison-Blanche, le vendredi 17 octobre 2025 \u00e0 Washington.\" style=\"max-height:563px\" loading=\"lazy\" class=\"a-img \"\/><\/p>\n<p>                Le pr\u00e9sident ukrainien Volodymyr Zelensky (\u00e0 gauche) est assis avant une r\u00e9union avec le pr\u00e9sident Donald Trump (\u00e0 droite), le vice-pr\u00e9sident J.D. Vance et le secr\u00e9taire au Tr\u00e9sor Scott Bessent dans la salle du Cabinet de la Maison-Blanche, le vendredi 17 octobre 2025 \u00e0 Washington.                \u00a9  AP\/Alex Brandon            <\/p>\n<p>Le plan de paix amend\u00e9 par Kiev pr\u00e9voit \u00e9galement la tenue d&rsquo;\u00e9lections en Ukraine d\u00e8s que possible apr\u00e8s la signature d&rsquo;un accord de paix. Le mandat pr\u00e9sidentiel de cinq ans de Volodymyr Zelensky aurait d\u00fb expirer en mai de l&rsquo;ann\u00e9e derni\u00e8re, mais il a \u00e9t\u00e9 prolong\u00e9 en vertu de la loi martiale en vigueur depuis l&rsquo;invasion russe de 2022. Le chef de l&rsquo;\u00c9tat a charg\u00e9 le Parlement de r\u00e9fl\u00e9chir \u00e0 des modifications de la l\u00e9gislation \u00e9lectorale pour examiner la possibilit\u00e9 d\u2019organiser une pr\u00e9sidentielle.<\/p>\n<p>Olena Prokopenko y voit une \u00ab\u00a0d\u00e9marche habile\u00a0\u00bb tant sur le plan int\u00e9rieur qu\u2019\u00e0 l\u2019international. \u00ab\u00a0Cela envoie le signal qu\u2019il redonne un r\u00f4le central au Parlement, qui a \u00e9t\u00e9 largement marginalis\u00e9 ces derni\u00e8res ann\u00e9es, en lui confiant une d\u00e9cision potentiellement historique. Sur le plan international, cela montre qu\u2019il est pr\u00eat \u00e0 participer \u00e0 des \u00e9lections et qu\u2019il ne fuit pas ses responsabilit\u00e9s \u00bb, explique-t-elle.<\/p>\n<p>Sur le plan international, cette initiative est vue comme importante car elle renvoie la pression vers Donald Trump, qui accuse son homologue ukrainien d\u2019utiliser la guerre comme pr\u00e9texte pour \u00e9viter une \u00e9lection et se maintenir au pouvoir. \u00ab\u00a0En acceptant de pr\u00e9parer un cadre l\u00e9gislatif, Zelensky contraint Trump \u00e0 faire pression sur Vladimir Poutine afin d\u2019obtenir un cessez-le-feu, que ce dernier a rejet\u00e9 \u00e0 plusieurs reprises ces derniers mois. Cela permet de mettre en \u00e9vidence que l\u2019obstacle \u00e0 la paix n\u2019est pas l\u2019Ukraine, mais bien la Russie\u00a0\u00bb, note Olena Prokopenko.<\/p>\n<p> \u00c9lection pr\u00e9sidentielle\u00a0 <\/p>\n<p>Dans le cas, tr\u00e8s hypoth\u00e9tique, o\u00f9 une \u00e9lection pr\u00e9sidentielle pourrait se tenir avant la fin des hostilit\u00e9s, quelles chances Volodymyr Zelensky aurait-il de remporter le scrutin\u00a0? La probabilit\u00e9 d\u2019une victoire du pr\u00e9sident sortant est \u00ab\u00a0tr\u00e8s forte\u00a0\u00bb, selon la chercheuse du German Marshall Fund, \u00ab\u00a0non pas parce qu\u2019il n\u2019existe pas de griefs \u00e0 son \u00e9gard, mais parce que l\u2019Ukraine a besoin d\u2019une unit\u00e9 maximale pour r\u00e9sister \u00e0 la pression de l\u2019administration am\u00e9ricaine dans le cadre des n\u00e9gociations de paix. Ses chances de victoire seraient aujourd\u2019hui bien sup\u00e9rieures \u00e0 ce qu\u2019elles seraient apr\u00e8s la guerre\u00a0\u00bb.<\/p>\n<p>La perspective pour Volodymyr Zelensky de remporter le scrutin est plus \u00e9lev\u00e9e aujourd\u2019hui, abonde Volodymyr Fessenko\u00a0: \u00ab\u00a0Les citoyens qui lui sont favorables ou neutres \u00e9valuent positivement son r\u00f4le comme chef de la politique \u00e9trang\u00e8re et commandant en chef. Apr\u00e8s la guerre, surtout s\u2019il devait conclure un accord de paix per\u00e7u comme d\u00e9favorable, ses chances pourraient diminuer.\u00a0\u00bb<\/p>\n<p>Dans ces conditions, certaines figures de l\u2019opposition estiment que Volodymyr Zelensky pourrait \u00eatre tent\u00e9 d\u2019organiser au plus vite des \u00e9lections. Conform\u00e9ment aux engagements pris par le pr\u00e9sident aupr\u00e8s de Donald Trump, la Rada, le Parlement ukrainien s\u2019appr\u00eate \u00e0 examiner la question de l\u2019organisation d&rsquo;\u00e9lections. Cependant, \u00ab\u00a0il existe une faible probabilit\u00e9 qu\u2019un projet de loi sur les \u00e9lections en temps de guerre voit le jour. Son adoption reste incertaine. Le sc\u00e9nario le plus probable pour l\u2019an prochain serait la tenue d\u2019\u00e9lections uniquement si un accord de cessez-le-feu \u00e9tait conclu au premier semestre\u00a0\u00bb, pronostique Volodymyr Fessenko, qui constate que \u00ab\u00a0m\u00eame au sein du parti pr\u00e9sidentiel Serviteur du peuple, nombreux sont ceux qui s\u2019opposent \u00e0 des \u00e9lections en temps de guerre. Si l\u2019opposition et les d\u00e9put\u00e9s r\u00e9ticents se mobilisent, l\u2019adoption d\u2019une telle loi sera impossible\u00a0\u00bb, souligne le politologue.<\/p>\n<p>En Ukraine, l\u2019opinion publique estime, dans une tr\u00e8s large majorit\u00e9, qu\u2019aucune des conditions s\u00e9curitaires, juridiques ou structurelles ne sont r\u00e9unies pour organiser des \u00e9lections, note Olena Prokopenko. \u00ab\u00a0Les Ukrainiens comprennent que ce n\u2019est pas le moment. Il n\u2019existe aucune demande sociale en ce sens, et ce d\u00e9bat est principalement raviv\u00e9 sous la pression de la Russie et des \u00c9tats-Unis\u00a0\u00bb. Selon le sondage r\u00e9cent du KIIS, seuls 9 % des Ukrainiens soutiennent l\u2019id\u00e9e d\u2019\u00e9lections en temps de guerre.<\/p>\n<p class=\"a-read-more\">\u00c0 lire aussi<a target=\"_self\" href=\"https:\/\/www.rfi.fr\/fr\/europe\/20251224-gel-du-front-\u00e9lections-otan-ce-que-contient-la-derni\u00e8re-version-du-plan-am\u00e9ricain-pour-la-paix-en-ukraine\" class=\"a-read-more__link\" rel=\"noopener\">Gel du front, \u00e9lections, Otan: ce que contient la derni\u00e8re version du plan am\u00e9ricain pour la paix en Ukraine<\/a><\/p>\n","protected":false},"excerpt":{"rendered":"Le pr\u00e9sident ukrainien Volodymyr Zelensky se dit optimiste sur les chances de faire avancer les discussions visant \u00e0&hellip;\n","protected":false},"author":2,"featured_media":624358,"comment_status":"","ping_status":"","sticky":false,"template":"","format":"standard","meta":{"footnotes":""},"categories":[1590],"tags":[11,75,1777,674,19690,12,132,220,134],"class_list":{"0":"post-624357","1":"post","2":"type-post","3":"status-publish","4":"format-standard","5":"has-post-thumbnail","7":"category-ukraine","8":"tag-actualites","9":"tag-donald-trump","10":"tag-eu","11":"tag-europe","12":"tag-europeen-de-la-semaine","13":"tag-news","14":"tag-russie","15":"tag-ukraine","16":"tag-volodymyr-zelensky"},"share_on_mastodon":{"url":"https:\/\/pubeurope.com\/@fr\/115788998858943323","error":""},"_links":{"self":[{"href":"https:\/\/www.europesays.com\/fr\/wp-json\/wp\/v2\/posts\/624357","targetHints":{"allow":["GET"]}}],"collection":[{"href":"https:\/\/www.europesays.com\/fr\/wp-json\/wp\/v2\/posts"}],"about":[{"href":"https:\/\/www.europesays.com\/fr\/wp-json\/wp\/v2\/types\/post"}],"author":[{"embeddable":true,"href":"https:\/\/www.europesays.com\/fr\/wp-json\/wp\/v2\/users\/2"}],"replies":[{"embeddable":true,"href":"https:\/\/www.europesays.com\/fr\/wp-json\/wp\/v2\/comments?post=624357"}],"version-history":[{"count":0,"href":"https:\/\/www.europesays.com\/fr\/wp-json\/wp\/v2\/posts\/624357\/revisions"}],"wp:featuredmedia":[{"embeddable":true,"href":"https:\/\/www.europesays.com\/fr\/wp-json\/wp\/v2\/media\/624358"}],"wp:attachment":[{"href":"https:\/\/www.europesays.com\/fr\/wp-json\/wp\/v2\/media?parent=624357"}],"wp:term":[{"taxonomy":"category","embeddable":true,"href":"https:\/\/www.europesays.com\/fr\/wp-json\/wp\/v2\/categories?post=624357"},{"taxonomy":"post_tag","embeddable":true,"href":"https:\/\/www.europesays.com\/fr\/wp-json\/wp\/v2\/tags?post=624357"}],"curies":[{"name":"wp","href":"https:\/\/api.w.org\/{rel}","templated":true}]}}