{"id":62436,"date":"2025-04-29T18:25:14","date_gmt":"2025-04-29T18:25:14","guid":{"rendered":"https:\/\/www.europesays.com\/fr\/62436\/"},"modified":"2025-04-29T18:25:14","modified_gmt":"2025-04-29T18:25:14","slug":"mauvais-obus-pas-de-cadeau-a-la-russie-et-rapprochement-avec-le-canada","status":"publish","type":"post","link":"https:\/\/www.europesays.com\/fr\/62436\/","title":{"rendered":"Mauvais obus, pas de \u00ab cadeau \u00bb \u00e0 la Russie et rapprochement avec le Canada"},"content":{"rendered":"<p><strong>r\u00e9cap &#8211; \u00ab\u00a020 Minutes\u00a0\u00bb fait le point pour vous tous les soirs sur l\u2019avanc\u00e9e du conflit en Ukraine. Ce mardi, Zelensky a exhort\u00e9 \u00e0 se montrer strict avec la Russie, et doux avec le Canada<\/strong><\/p>\n<p>Vous avez rat\u00e9 les derniers \u00e9v\u00e9nements sur la <a href=\"https:\/\/www.20minutes.fr\/monde\/ukraine\/?at_medium=RSS+feed&amp;at_campaign=ynews&amp;utm_source=yahoo&amp;utm_medium=rss&amp;utm_campaign=news_feed&amp;utm_content=in_article_link\" rel=\"nofollow noopener\" target=\"_blank\" data-ylk=\"slk:guerre en Ukraine;elm:context_link;itc:0;sec:content-canvas\" class=\"link \">guerre en Ukraine<\/a>\u00a0? 20 Minutes fait le point pour vous tous les soirs. Entre les d\u00e9clarations fortes, les avanc\u00e9es sur le front et le bilan des combats, voici l\u2019essentiel de ce mardi 29\u00a0avril, 1.161e jour du conflit.<\/p>\n<p>Le fait du jour<\/p>\n<p>Rien de nouveau sur le front des n\u00e9gociations, le pr\u00e9sident ukrainien <a href=\"https:\/\/www.20minutes.fr\/monde\/volodymyr-zelensky\/?at_medium=RSS+feed&amp;at_campaign=ynews&amp;utm_source=yahoo&amp;utm_medium=rss&amp;utm_campaign=news_feed&amp;utm_content=in_article_link\" rel=\"nofollow noopener\" target=\"_blank\" data-ylk=\"slk:Volodymyr Zelensky;elm:context_link;itc:0;sec:content-canvas\" class=\"link \">Volodymyr Zelensky<\/a> a une fois encore exhort\u00e9 mardi \u00e0 ne faire \u00ab\u00a0cadeau\u00a0\u00bb d\u2019aucun territoire \u00e0 son homologue <a href=\"https:\/\/www.20minutes.fr\/monde\/russie\/?at_medium=RSS+feed&amp;at_campaign=ynews&amp;utm_source=yahoo&amp;utm_medium=rss&amp;utm_campaign=news_feed&amp;utm_content=in_article_link\" rel=\"nofollow noopener\" target=\"_blank\" data-ylk=\"slk:russe;elm:context_link;itc:0;sec:content-canvas\" class=\"link \">russe<\/a> Vladimir Poutine pour mettre fin \u00e0 la guerre, alors que la reconnaissance de r\u00e9gions occup\u00e9es par Moscou semble \u00eatre envisag\u00e9e par <a href=\"https:\/\/www.20minutes.fr\/dossier\/washington?at_medium=RSS+feed&amp;at_campaign=ynews&amp;utm_source=yahoo&amp;utm_medium=rss&amp;utm_campaign=news_feed&amp;utm_content=in_article_link\" rel=\"nofollow noopener\" target=\"_blank\" data-ylk=\"slk:Washington;elm:context_link;itc:0;sec:content-canvas\" class=\"link \">Washington<\/a>.<\/p>\n<p>\u00ab\u00a0Nous voulons tous que cette guerre se termine de mani\u00e8re \u00e9quitable, sans cadeau pour <a href=\"https:\/\/www.20minutes.fr\/monde\/vladimir_poutine\/?at_medium=RSS+feed&amp;at_campaign=ynews&amp;utm_source=yahoo&amp;utm_medium=rss&amp;utm_campaign=news_feed&amp;utm_content=in_article_link\" rel=\"nofollow noopener\" target=\"_blank\" data-ylk=\"slk:Poutine;elm:context_link;itc:0;sec:content-canvas\" class=\"link \">Poutine<\/a>, et surtout pas des terres\u00a0\u00bb, a d\u00e9clar\u00e9 Zelensky lors d\u2019un sommet r\u00e9gional.<\/p>\n<p>La phrase du jour<\/p>\n<blockquote class=\"caas-blockquote\">\n<p>Nous sommes convaincus que notre partenariat ne fera que se renforcer dans notre qu\u00eate commune de paix, de justice et de s\u00e9curit\u00e9.<\/p>\n<\/blockquote>\n<p>Heureux comme un pr\u00e9sident ukrainien apr\u00e8s la victoire aux \u00e9lections l\u00e9gislatives canadienne du parti du Premier ministre Mark Carney, soutien affich\u00e9 de Kiev face \u00e0 l\u2019invasion russe et anti-Trump convaincu.<\/p>\n<p>Le chiffre du jour<\/p>\n<p><strong>27.<\/strong> Un tribunal militaire du sud de la Russie a annonc\u00e9 mardi avoir condamn\u00e9 \u00e0 27 ans de <a href=\"https:\/\/www.20minutes.fr\/dossier\/prison?at_medium=RSS+feed&amp;at_campaign=ynews&amp;utm_source=yahoo&amp;utm_medium=rss&amp;utm_campaign=news_feed&amp;utm_content=in_article_link\" rel=\"nofollow noopener\" target=\"_blank\" data-ylk=\"slk:prison;elm:context_link;itc:0;sec:content-canvas\" class=\"link \">prison<\/a> un Ukrainien, naturalis\u00e9 Russe, accus\u00e9 d\u2019avoir tent\u00e9 d\u2019empoisonner des jeunes dipl\u00f4m\u00e9s d\u2019une \u00e9cole d\u2019aviation <a href=\"https:\/\/www.20minutes.fr\/dossier\/militaire?at_medium=RSS+feed&amp;at_campaign=ynews&amp;utm_source=yahoo&amp;utm_medium=rss&amp;utm_campaign=news_feed&amp;utm_content=in_article_link\" rel=\"nofollow noopener\" target=\"_blank\" data-ylk=\"slk:militaire;elm:context_link;itc:0;sec:content-canvas\" class=\"link \">militaire<\/a>, en agissant sur ordre des services ukrainiens.<\/p>\n<p>Igor Semenov, 34 ans, a \u00e9t\u00e9 reconnu coupable d\u2019avoir essay\u00e9 de tuer des pilotes d(&#8230;)<\/p>\n<p><a href=\"https:\/\/www.20minutes.fr\/monde\/ukraine\/4151035-20250429-guerre-ukraine-mauvais-obus-cadeau-russie-rapprochement-canada?at_medium=RSS+feed&amp;at_campaign=ynews&amp;utm_source=yahoo&amp;utm_medium=rss&amp;utm_campaign=news_feed&amp;utm_content=read_more_link&quot;\" rel=\"nofollow noopener\" target=\"_blank\" data-ylk=\"slk:Lire la suite sur 20minutes;elm:context_link;itc:0;sec:content-canvas\" class=\"link \">Lire la suite sur 20minutes<\/a><\/p>\n<p>\u00c0 lire aussi :<br \/><a href=\"https:\/\/www.20minutes.fr\/monde\/ukraine\/4143242-20250312-guerre-ukraine-russie-reserve-reponse-continue-bombarder?at_medium=RSS+feed&amp;at_campaign=ynews&amp;utm_source=yahoo&amp;utm_medium=rss&amp;utm_campaign=news_feed&amp;utm_content=related_content_link\" rel=\"nofollow noopener\" target=\"_blank\" data-ylk=\"slk:Guerre en Ukraine\u00a0: La Russie ne r\u00e9pond pas au cessez-le-feu et continue de bombarder;elm:context_link;itc:0;sec:content-canvas\" class=\"link \">Guerre en Ukraine\u00a0: La Russie ne r\u00e9pond pas au cessez-le-feu et continue de bombarder<\/a><br \/><a href=\"https:\/\/www.20minutes.fr\/monde\/ukraine\/4149228-20250417-guerre-ukraine-russie-menace-allemagne-recits-russes-parasitage-elysee?at_medium=RSS+feed&amp;at_campaign=ynews&amp;utm_source=yahoo&amp;utm_medium=rss&amp;utm_campaign=news_feed&amp;utm_content=related_content_link\" rel=\"nofollow noopener\" target=\"_blank\" data-ylk=\"slk:Guerre en Ukraine\u00a0: La Russie menace l\u2019Allemagne et parasitage \u00e0 l\u2019Elys\u00e9e;elm:context_link;itc:0;sec:content-canvas\" class=\"link \">Guerre en Ukraine\u00a0: La Russie menace l\u2019Allemagne et parasitage \u00e0 l\u2019Elys\u00e9e<\/a><\/p>\n","protected":false},"excerpt":{"rendered":"r\u00e9cap &#8211; \u00ab\u00a020 Minutes\u00a0\u00bb fait le point pour vous tous les soirs sur l\u2019avanc\u00e9e du conflit en Ukraine.&hellip;\n","protected":false},"author":2,"featured_media":62437,"comment_status":"","ping_status":"","sticky":false,"template":"","format":"standard","meta":{"footnotes":""},"categories":[1591],"tags":[642,11,1887,2489,9046,1739,12,1885,1886,132,220,135],"class_list":{"0":"post-62436","1":"post","2":"type-post","3":"status-publish","4":"format-standard","5":"has-post-thumbnail","7":"category-russie","8":"tag-20-minutes","9":"tag-actualites","10":"tag-federation-de-russie","11":"tag-la-russie","12":"tag-le-front","13":"tag-le-point","14":"tag-news","15":"tag-russia","16":"tag-russian-federation","17":"tag-russie","18":"tag-ukraine","19":"tag-vladimir-poutine"},"share_on_mastodon":{"url":"https:\/\/pubeurope.com\/@fr\/114422659390832475","error":""},"_links":{"self":[{"href":"https:\/\/www.europesays.com\/fr\/wp-json\/wp\/v2\/posts\/62436","targetHints":{"allow":["GET"]}}],"collection":[{"href":"https:\/\/www.europesays.com\/fr\/wp-json\/wp\/v2\/posts"}],"about":[{"href":"https:\/\/www.europesays.com\/fr\/wp-json\/wp\/v2\/types\/post"}],"author":[{"embeddable":true,"href":"https:\/\/www.europesays.com\/fr\/wp-json\/wp\/v2\/users\/2"}],"replies":[{"embeddable":true,"href":"https:\/\/www.europesays.com\/fr\/wp-json\/wp\/v2\/comments?post=62436"}],"version-history":[{"count":0,"href":"https:\/\/www.europesays.com\/fr\/wp-json\/wp\/v2\/posts\/62436\/revisions"}],"wp:featuredmedia":[{"embeddable":true,"href":"https:\/\/www.europesays.com\/fr\/wp-json\/wp\/v2\/media\/62437"}],"wp:attachment":[{"href":"https:\/\/www.europesays.com\/fr\/wp-json\/wp\/v2\/media?parent=62436"}],"wp:term":[{"taxonomy":"category","embeddable":true,"href":"https:\/\/www.europesays.com\/fr\/wp-json\/wp\/v2\/categories?post=62436"},{"taxonomy":"post_tag","embeddable":true,"href":"https:\/\/www.europesays.com\/fr\/wp-json\/wp\/v2\/tags?post=62436"}],"curies":[{"name":"wp","href":"https:\/\/api.w.org\/{rel}","templated":true}]}}