{"id":624377,"date":"2025-12-27T01:57:17","date_gmt":"2025-12-27T01:57:17","guid":{"rendered":"https:\/\/www.europesays.com\/fr\/624377\/"},"modified":"2025-12-27T01:57:17","modified_gmt":"2025-12-27T01:57:17","slug":"top-14-mondial-2027-xv-de-france-une-recrue-annonce-son-renouveau","status":"publish","type":"post","link":"https:\/\/www.europesays.com\/fr\/624377\/","title":{"rendered":"Top 14, Mondial 2027, XV de France&#8230;une recrue annonce son renouveau"},"content":{"rendered":"<p>Georges-Henri Colombe fait partie des recrues majeures du Stade Toulousain lors de la derni\u00e8re intersaison. Il sortait d&rsquo;une p\u00e9riode de trois ann\u00e9es compliqu\u00e9es \u00e0 La Rochelle. Lesquelles ont \u00e9t\u00e9 marqu\u00e9es par un temps de jeu limit\u00e9 et une mise \u00e0 l\u2019\u00e9cart par le staff maritime. Pour tourner la page, le pilier droit a choisi de relancer sa carri\u00e8re chez le champion de France en titre. L\u2019international fran\u00e7ais (9 s\u00e9lections) veut retrouver son meilleur niveau et s\u2019imposer dans un environnement o\u00f9 l\u2019exigence est maximale.<\/p>\n<p>\u00a0<\/p>\n<p>Des blessures qui freinent son \u00e9lan<\/p>\n<p>\u00c0 Toulouse, Georges-Henri Colombe n\u2019a pas encore pu encha\u00eener les performances. Les blessures l\u2019ont contraint \u00e0 patienter avec seulement cinq matchs disput\u00e9s depuis la reprise, dont un seul comme titulaire. Une situation frustrante pour le joueur de 27 ans, qui ronge son frein mais continue de travailler pour saisir sa chance. A son arriv\u00e9e, Ugo Mola lui a fix\u00e9 une ligne de conduite claire pour pouvoir tenir le rythme. Colombe l&rsquo;int\u00e8gre tellement bien qu&rsquo;aujourd&rsquo;hui il semble ne pas avoir perdu de vue l&rsquo;horizon malgr\u00e9 les obstacles.<\/p>\n<p>\u00a0<\/p>\n<blockquote>\n<p>\u00ab Ugo Mola m&rsquo;a dit de ne pas l\u00e2cher, de me donner \u00e0 100% et que les efforts finiront par payer. C&rsquo;\u00e9tait l&rsquo;objectif. Malheureusement, je me suis bless\u00e9 assez rapidement et \u00e7a a retard\u00e9 les \u00e9ch\u00e9ances. Aujourd&rsquo;hui, je suis apte, je m&rsquo;entra\u00eene et j&rsquo;essaye de me donner \u00e0 100% pour \u00eatre performant. Je veux jouer le plus possible ici, au Stade Toulousain, gagner le plus de titres possibles et retourner en \u00e9quipe de France, au meilleur niveau que je peux donner. La Coupe du monde ? C&rsquo;est pour \u00e7a que je travaille tous les jours \u00bb, assure Georges-Henri Colombe au micro de <a href=\"https:\/\/rmcsport.bfmtv.com\/rugby\/top-14\/l-australie-est-un-objectif-c-est-pour-ca-que-je-travaille-tous-les-jours-xv-de-france-stade-toulousain-le-colosse-toulousain-georges-henri-colombe-se-confie_AN-202512250007.html\" target=\"_blank\" rel=\"noopener\">RMC<\/a>, en esp\u00e9rant que 2026 marquera son v\u00e9ritable renouveau.<\/p>\n<\/blockquote>\n<p>Partagez cette info avec vos amis et vos proches en cliquant ici<br \/>Pour r\u00e9sumer<\/p>\n<p>Georges-Henri Colombe, pilier du Stade Toulousain, vise un retour au sommet apr\u00e8s des saisons difficiles. Malgr\u00e9 les blessures, il veut s\u2019imposer en Top 14, retrouver le XV de France et pr\u00e9parer le Mondial 2027 en Australie.<\/p>\n<p> <img decoding=\"async\" width=\"76\" height=\"76\" loading=\"lazy\" src=\"https:\/\/www.europesays.com\/fr\/wp-content\/uploads\/2025\/04\/avatar-quinze.png\" alt=\"Voldi Fr\u00e9jus\u00a0Hounvio\"\/><\/p>\n","protected":false},"excerpt":{"rendered":"Georges-Henri Colombe fait partie des recrues majeures du Stade Toulousain lors de la derni\u00e8re intersaison. Il sortait d&rsquo;une&hellip;\n","protected":false},"author":2,"featured_media":624378,"comment_status":"","ping_status":"","sticky":false,"template":"","format":"standard","meta":{"footnotes":""},"categories":[1416],"tags":[1011,27,479,1468,60,476,478,513],"class_list":{"0":"post-624377","1":"post","2":"type-post","3":"status-publish","4":"format-standard","5":"has-post-thumbnail","7":"category-rugby","8":"tag-fr","9":"tag-france","10":"tag-rugby","11":"tag-rugby-football","12":"tag-sports","13":"tag-stade-toulousain","14":"tag-top-14","15":"tag-xv-de-france"},"share_on_mastodon":{"url":"https:\/\/pubeurope.com\/@fr\/115789054225964739","error":""},"_links":{"self":[{"href":"https:\/\/www.europesays.com\/fr\/wp-json\/wp\/v2\/posts\/624377","targetHints":{"allow":["GET"]}}],"collection":[{"href":"https:\/\/www.europesays.com\/fr\/wp-json\/wp\/v2\/posts"}],"about":[{"href":"https:\/\/www.europesays.com\/fr\/wp-json\/wp\/v2\/types\/post"}],"author":[{"embeddable":true,"href":"https:\/\/www.europesays.com\/fr\/wp-json\/wp\/v2\/users\/2"}],"replies":[{"embeddable":true,"href":"https:\/\/www.europesays.com\/fr\/wp-json\/wp\/v2\/comments?post=624377"}],"version-history":[{"count":0,"href":"https:\/\/www.europesays.com\/fr\/wp-json\/wp\/v2\/posts\/624377\/revisions"}],"wp:featuredmedia":[{"embeddable":true,"href":"https:\/\/www.europesays.com\/fr\/wp-json\/wp\/v2\/media\/624378"}],"wp:attachment":[{"href":"https:\/\/www.europesays.com\/fr\/wp-json\/wp\/v2\/media?parent=624377"}],"wp:term":[{"taxonomy":"category","embeddable":true,"href":"https:\/\/www.europesays.com\/fr\/wp-json\/wp\/v2\/categories?post=624377"},{"taxonomy":"post_tag","embeddable":true,"href":"https:\/\/www.europesays.com\/fr\/wp-json\/wp\/v2\/tags?post=624377"}],"curies":[{"name":"wp","href":"https:\/\/api.w.org\/{rel}","templated":true}]}}